{"id":757,"date":"2016-12-17T14:22:33","date_gmt":"2016-12-17T13:22:33","guid":{"rendered":"http:\/\/comeduc.net\/fr\/?p=757"},"modified":"2017-08-31T10:26:53","modified_gmt":"2017-08-31T08:26:53","slug":"le-6e-forum-politique-regional-panafricain-dancefa-est-organise-du-15-au-17-decembre-2016-a-lhotel-fleurs-de-lys-a-dakar","status":"publish","type":"post","link":"https:\/\/comeduc.net\/francais\/2016\/12\/17\/le-6e-forum-politique-regional-panafricain-dancefa-est-organise-du-15-au-17-decembre-2016-a-lhotel-fleurs-de-lys-a-dakar\/","title":{"rendered":"Le 6e Forum politique r\u00e9gional panafricain d\u2019ANCEFA est organis\u00e9 du 15 au 17 d\u00e9cembre 2016 \u00e0 l\u2019h\u00f4tel Fleurs de Lys \u00e0 Dakar"},"content":{"rendered":"<p>Le 6<sup>e<\/sup> Forum politique r\u00e9gional panafricain d\u2019ANCEFA est organis\u00e9 du 15 au 17 d\u00e9cembre 2016 \u00e0 l\u2019h\u00f4tel Fleurs de Lys \u00e0 Dakar la capitale s\u00e9n\u00e9galaise.<\/p>\n<p>Le minist\u00e8re s\u00e9n\u00e9galais de l\u2019\u00e9ducation est repr\u00e9sent\u00e9 par son directeur de cabinet. Etaient \u00e9galement pr\u00e9sents des repr\u00e9sentants d\u2019organisations, partenaires, notamment la Campagne mondiale pour l\u2019\u00e9ducation, GIZ Backup, FAWE (Forum des \u00e9ducatrices africaines), l\u2019UNESCO, l\u2019Union africaine.<\/p>\n<p>COMEDUC est repr\u00e9sent\u00e9e par son coordinateur r\u00e9gional par int\u00e9rim, M. BA Mamadou Saidou.<\/p>\n<p>Notons que le Forum a pour objectifs : Initier une r\u00e9flexion et tirer des enseignements sur l&rsquo;\u00e9tat de l&rsquo;\u00e9ducation en Afrique dans le contexte de l\u2019agenda 2030, approfondir les connaissances et comp\u00e9tences dans la promotion du droit \u00e0 l&rsquo;\u00e9ducation, partager et tirer des enseignements des diverses exp\u00e9riences de plaidoyer, recevoir des mises \u00e0 jour et examiner \u00a0les progr\u00e8s accomplis dans les pays choisis dans le d\u00e9roulement des objectifs 4\/5 et de la CESA, \u00e9laborer un plan d&rsquo;action pour un engagement politique soutenu et efficace aux fins de la r\u00e9alisation des ODD4\/5 et de la CESA<\/p>\n","protected":false},"excerpt":{"rendered":"<p>Le 6e Forum politique r\u00e9gional panafricain d\u2019ANCEFA est organis\u00e9 du 15 au 17 d\u00e9cembre 2016 \u00e0 l\u2019h\u00f4tel Fleurs de Lys \u00e0 Dakar la capitale s\u00e9n\u00e9galaise. Le minist\u00e8re s\u00e9n\u00e9galais de l\u2019\u00e9ducation est repr\u00e9sent\u00e9 par son directeur de cabinet. Etaient \u00e9galement pr\u00e9sents des repr\u00e9sentants d\u2019organisations, partenaires, notamment la Campagne mondiale pour l\u2019\u00e9ducation, GIZ Backup, FAWE (Forum des \u00e9ducatrices africaines), l\u2019UNESCO, l\u2019Union africaine.<\/p>\n","protected":false},"author":1,"featured_media":760,"comment_status":"open","ping_status":"open","sticky":false,"template":"","format":"standard","meta":{"_crdt_document":"","footnotes":""},"categories":[9],"tags":[],"class_list":["post-757","post","type-post","status-publish","format-standard","has-post-thumbnail","hentry","category-actualites"],"_links":{"self":[{"href":"https:\/\/comeduc.net\/francais\/wp-json\/wp\/v2\/posts\/757","targetHints":{"allow":["GET"]}}],"collection":[{"href":"https:\/\/comeduc.net\/francais\/wp-json\/wp\/v2\/posts"}],"about":[{"href":"https:\/\/comeduc.net\/francais\/wp-json\/wp\/v2\/types\/post"}],"author":[{"embeddable":true,"href":"https:\/\/comeduc.net\/francais\/wp-json\/wp\/v2\/users\/1"}],"replies":[{"embeddable":true,"href":"https:\/\/comeduc.net\/francais\/wp-json\/wp\/v2\/comments?post=757"}],"version-history":[{"count":2,"href":"https:\/\/comeduc.net\/francais\/wp-json\/wp\/v2\/posts\/757\/revisions"}],"predecessor-version":[{"id":762,"href":"https:\/\/comeduc.net\/francais\/wp-json\/wp\/v2\/posts\/757\/revisions\/762"}],"wp:featuredmedia":[{"embeddable":true,"href":"https:\/\/comeduc.net\/francais\/wp-json\/wp\/v2\/media\/760"}],"wp:attachment":[{"href":"https:\/\/comeduc.net\/francais\/wp-json\/wp\/v2\/media?parent=757"}],"wp:term":[{"taxonomy":"category","embeddable":true,"href":"https:\/\/comeduc.net\/francais\/wp-json\/wp\/v2\/categories?post=757"},{"taxonomy":"post_tag","embeddable":true,"href":"https:\/\/comeduc.net\/francais\/wp-json\/wp\/v2\/tags?post=757"}],"curies":[{"name":"wp","href":"https:\/\/api.w.org\/{rel}","templated":true}]}}