{"id":743,"date":"2016-12-09T07:02:39","date_gmt":"2016-12-09T06:02:39","guid":{"rendered":"http:\/\/comeduc.net\/fr\/?p=743"},"modified":"2017-08-31T10:25:18","modified_gmt":"2017-08-31T08:25:18","slug":"communique-offre-demploi","status":"publish","type":"post","link":"https:\/\/comeduc.net\/francais\/2016\/12\/09\/communique-offre-demploi\/","title":{"rendered":"Communiqu\u00e9 : Offre d\u2019emploi"},"content":{"rendered":"<p><strong>Type: offre d\u2019emploi<\/strong><\/p>\n<p><strong>Institution\u00a0: Coalition des Organisations Mauritaniennes pour l\u2019Education (COMEDUC)<\/strong><\/p>\n<p><strong>Intitul\u00e9 de l\u2019offre\u00a0: Recrutement d\u2019un(e) coordinateur\/trice national(e)<\/strong><\/p>\n<p><strong>Date limite\u00a0: 21 d\u00e9cembre 2016 \u00e0 13 heures<\/strong><\/p>\n<p><strong>Description<\/strong><\/p>\n<p>COMEDUC est une Coalition d\u2019organisations mauritaniennes qui \u0153uvrent pour la promotion de l&rsquo;\u00e9ducation de qualit\u00e9 pour tous en Mauritanie. Elle regroupe des organisations non gouvernementales et des r\u00e9seaux de la SC de m\u00e9dias, chercheurs, d\u00e9fenseurs des droits humains et autres professionnels de l\u2019\u00e9ducation en vue de plaider pour garantir une \u00e9ducation de qualit\u00e9 pour tous en Mauritanie.<\/p>\n<p><strong><u>Poste: Coordinateur\/coordinatrice national (e)<\/u><\/strong><\/p>\n<ul>\n<li>Nombre de places\u00a0: 1<\/li>\n<li>Lieu de travail\u00a0: Nouakchott<\/li>\n<li>Dur\u00e9e\u00a0: 2 ans renouvelables<\/li>\n<\/ul>\n<p><strong><u>Profil recherch\u00e9\u00a0:<\/u><\/strong><\/p>\n<ul>\n<li>Avoir un dipl\u00f4me (bac +4 ou \u00e9quivalent). Un dipl\u00f4me en sciences de l\u2019Education ou en sciences sociales serait un atout;<\/li>\n<li>Avoir une exp\u00e9rience de 5 (cinq) ans dans le domaine de la gestion administrative et\/ou de projets;<\/li>\n<li>Une bonne connaissance du syst\u00e8me \u00e9ducatif en Mauritanie et en Afrique serait un plus;<\/li>\n<li>Comp\u00e9tences en gestion de projet, suivi et \u00e9valuation\u00a0;<\/li>\n<li>Bonne ma\u00eetrise de l\u2019outil informatique (word, excel, power point)\u00a0;<\/li>\n<li>Capacit\u00e9s r\u00e9dactionnelles et de synth\u00e8se av\u00e9r\u00e9es, en arabe et en fran\u00e7ais, l\u2019anglais serait un plus\u00a0;<\/li>\n<li>Aptitude \u00e0 travailler en \u00e9quipe, et sous pression\u00a0;<\/li>\n<li>Etre dispos\u00e9 \u00e0 effectuer des d\u00e9placements et s\u00e9jours dans les r\u00e9gions du pays et en dehors du pays.<\/li>\n<\/ul>\n<p><strong><u>T\u00e2ches<\/u><\/strong>\u00a0:<\/p>\n<p>Sous la supervision du Conseil d\u2019administration de la Coalition, le coordinateur se chargera de contribuer \u00e0 la promotion de l\u2019Education en Mauritanie, dans le cadre des programmes de le Coalition. Plus pr\u00e9cis\u00e9ment\u00a0:<\/p>\n<ul>\n<li>Gestion technique et administrative et suivi des activit\u00e9s pr\u00e9vues par COMEDUC;<\/li>\n<li>Communications internes et externes;<\/li>\n<li>Suivi \u2013 encadrement du personnel de COMEDUC (salari\u00e9es, contractuels et b\u00e9n\u00e9voles)\u00a0;<\/li>\n<li>R\u00e9daction de projets de contenus et mobilisation des fonds aupr\u00e8s de partenaires<\/li>\n<li>Gestion du partenariat de COMEDUC avec ses partenaires publiques et priv\u00e9s<\/li>\n<li>Suivi\/supervision du plan de mobilisation et de communication (plaidoyer et lobbying, supports\/outils, sites, r\u00e9seaux sociaux\u2026);<\/li>\n<li>Ex\u00e9cution de toute autre t\u00e2che recommand\u00e9e par le Conseil d\u2019administration dans le cadre des programmes et projets de COMEDUC.<\/li>\n<\/ul>\n<p><strong><u>Dossier de candidature\u00a0:<\/u><\/strong><\/p>\n<ul>\n<li>Une demande d\u2019emploi adress\u00e9e au Pr\u00e9sident de COMEDUC,<\/li>\n<li>Un CV synth\u00e9tique et un num\u00e9ro de t\u00e9l\u00e9phone,<\/li>\n<li>Une lettre de motivation expliquant l\u2019ad\u00e9quation du profil du candidat avec le poste,<\/li>\n<li>Des copies des dipl\u00f4mes et certificats obtenus,<\/li>\n<li>Une copie de la carte d\u2019identit\u00e9 nationale de l\u2019int\u00e9ress\u00e9 (e)<\/li>\n<\/ul>\n<p><strong>Nota<\/strong>\u00a0: Les dossiers doivent \u00eatre d\u00e9pos\u00e9s, sous pli ferm\u00e9, entre 9 heures et 13 heures de lundi \u00e0 jeudi aux bureaux de COMEDUC, sis Avenue Charles De Gaulle, Immeuble Egdess, 2<sup>e<\/sup> Etage, Porte 12, Tevragh Zeina, Nouakchott, t\u00e9l\u00a0: 45255180, e-mail\u00a0: <a href=\"mailto:comeducmauritanie@gmail.com\">comeducmauritanie@gmail.com<\/a>.<\/p>\n<p>Pour plus d\u2019informations sur COMEDUC, consulter son site web\u00a0: <a href=\"http:\/\/www.comeduc.net\">www.comeduc.net<\/a><\/p>\n","protected":false},"excerpt":{"rendered":"<p>Type: offre d\u2019emploi Institution\u00a0: Coalition des Organisations Mauritaniennes pour l\u2019Education (COMEDUC) Intitul\u00e9 de l\u2019offre\u00a0: Recrutement d\u2019un(e) coordinateur\/trice national(e) Date limite\u00a0: 21 d\u00e9cembre 2016 \u00e0 13 heures Description COMEDUC est une Coalition d\u2019organisations mauritaniennes qui \u0153uvrent pour la promotion de l&rsquo;\u00e9ducation de qualit\u00e9 pour tous en Mauritanie. Elle regroupe des organisations non gouvernementales et des r\u00e9seaux de la SC de m\u00e9dias,<\/p>\n","protected":false},"author":1,"featured_media":591,"comment_status":"open","ping_status":"open","sticky":false,"template":"","format":"standard","meta":{"_crdt_document":"","footnotes":""},"categories":[21],"tags":[],"class_list":["post-743","post","type-post","status-publish","format-standard","has-post-thumbnail","hentry","category-appels-doffre"],"_links":{"self":[{"href":"https:\/\/comeduc.net\/francais\/wp-json\/wp\/v2\/posts\/743","targetHints":{"allow":["GET"]}}],"collection":[{"href":"https:\/\/comeduc.net\/francais\/wp-json\/wp\/v2\/posts"}],"about":[{"href":"https:\/\/comeduc.net\/francais\/wp-json\/wp\/v2\/types\/post"}],"author":[{"embeddable":true,"href":"https:\/\/comeduc.net\/francais\/wp-json\/wp\/v2\/users\/1"}],"replies":[{"embeddable":true,"href":"https:\/\/comeduc.net\/francais\/wp-json\/wp\/v2\/comments?post=743"}],"version-history":[{"count":2,"href":"https:\/\/comeduc.net\/francais\/wp-json\/wp\/v2\/posts\/743\/revisions"}],"predecessor-version":[{"id":747,"href":"https:\/\/comeduc.net\/francais\/wp-json\/wp\/v2\/posts\/743\/revisions\/747"}],"wp:featuredmedia":[{"embeddable":true,"href":"https:\/\/comeduc.net\/francais\/wp-json\/wp\/v2\/media\/591"}],"wp:attachment":[{"href":"https:\/\/comeduc.net\/francais\/wp-json\/wp\/v2\/media?parent=743"}],"wp:term":[{"taxonomy":"category","embeddable":true,"href":"https:\/\/comeduc.net\/francais\/wp-json\/wp\/v2\/categories?post=743"},{"taxonomy":"post_tag","embeddable":true,"href":"https:\/\/comeduc.net\/francais\/wp-json\/wp\/v2\/tags?post=743"}],"curies":[{"name":"wp","href":"https:\/\/api.w.org\/{rel}","templated":true}]}}