{"id":585,"date":"2013-05-07T07:23:29","date_gmt":"2013-05-07T05:23:29","guid":{"rendered":"http:\/\/comeduc.net\/2013\/05\/07\/communique-de-presse\/"},"modified":"2013-05-07T07:23:29","modified_gmt":"2013-05-07T05:23:29","slug":"communique-de-presse","status":"publish","type":"post","link":"https:\/\/comeduc.net\/francais\/2013\/05\/07\/communique-de-presse\/","title":{"rendered":"Communiqu\u00e9 de presse"},"content":{"rendered":"<p>La Coalition&nbsp;des Organisations Mauritaniennes pour l\u2019Education (COMEDUC) a re\u00e7u une subvention du Fonds de la Soci\u00e9t\u00e9 Civile pour l\u2019Education (FSCE) sur une p\u00e9riode de trois mois Le but de cette subvention est d\u2019appuyer le d\u00e9veloppement institutionnel&nbsp;des coalitions ainsi que des actions de plaidoyer cibl\u00e9es \u00e0 travers la recherche, la mobilisation et le lobbying.<br \/>Le FSCE est une subvention allou\u00e9e par le Comit\u00e9 du Programme de D\u00e9veloppement du Fonds pour l\u2019Education de l\u2019Initiative de Mise en \u0152uvre Acc\u00e9l\u00e9r\u00e9e de l\u2019EPT (Fast-track Initiative)&nbsp;pour appuyer les Organisations de la Soci\u00e9t\u00e9 Civile travaillant dans l\u2019\u00e9ducation. Sont \u00e9ligibles les coalitions des pays \u00e9ligibles au FTI d\u2019Afrique, d\u2019Asie et d\u2019Am\u00e9rique latine.<br \/>Le fonds est mis \u00e0 disposition de la Soci\u00e9t\u00e9 Civile \u00e0 travers la Campagne Mondiale pour l\u2019Education (CME). Les r\u00e9seaux r\u00e9gionaux en assurent la coordination \u00e0 travers les coalitions nationales. <br \/>En Afrique, ANCEFA est l\u2019agence charg\u00e9e de la mise en \u0153uvre et a pour r\u00f4le de promouvoir le fonds, de renforcer les capacit\u00e9s des coalitions b\u00e9n\u00e9ficiaires et de superviser le d\u00e9roulement du projet.<br \/>L\u2019objectif du fonds est d\u2019appuyer les coalitions nationales pour l\u2019\u00e9ducation \u00e0 s\u2019engager effectivement avec les gouvernements et les bailleurs en vue de l\u2019atteinte des objectifs de l\u2019EPT. <br \/>COMEDUC a re\u00e7u 5682349 ouguiyas, qui constituent la premi\u00e8re tranche d\u2019un financement de 10864000, soit 39081 DUS. Elle est l\u2019une des 28 coalitions nationales africaines \u00e0 avoir re\u00e7u des Fonds de la Soci\u00e9t\u00e9 Civile pour l\u2019Education au cours de sa deuxi\u00e8me ann\u00e9e de mise en \u0153uvre.<br \/>Le FSCE va aider la coalition \u00e0 se renforcer \u00e0 travers un appui institutionnel et \u00e0 d\u00e9velopper ses capacit\u00e9s \u00e0 \u00e9laborer des campagnes de plaidoyer effectives pour amener les gouvernements \u00e0 tenir leurs engagements \u00e0 r\u00e9aliser les objectifs de l\u2019EPT.<br \/>Le FSCE a pour but aussi de renforcer l\u2019int\u00e9grit\u00e9 et le devoir de rendre compte au sein de la Soci\u00e9t\u00e9 Civile, des gouvernements et des bailleurs. Il facilitera l\u2019\u00e9tablissement d\u2019un Fonds National de la Soci\u00e9t\u00e9 Civile pour l\u2019Education (FNSCE) qui agira comme un m\u00e9canisme durable et permanent de financement de la Soci\u00e9t\u00e9 Civile pour la promotion des objectifs de l\u2019EPT.<\/p>\n<table border=\"0\" cellspacing=\"1\" cellpadding=\"1\" style=\"width: 560px\" class=\"spip cke_show_border\" align=\"center\">\n<tbody>\n<tr>\n<td>Sidi Idoumou Boudid\u00e8<br \/>Coordonnateur de COMEDUC<\/td>\n<td>\n<p>Solange Napoe Akpo<br \/>Coordonnatrice sous-r\u00e9gionale de <br \/>ANCEFA pour l\u2019Afrique de l\u2019Oust et du Centre<\/p>\n<\/td>\n<\/tr>\n<\/tbody>\n<\/table>\n<p><p><strong>Notes aux \u00e9diteurs&nbsp;:<\/strong><br \/><em><span style=\"font-size:11px\">&#8211; ANCEFA est le R\u00e9seau Africain de Campagne pour l\u2019Education pour Tous et est pr\u00e9sent dans trente cinq pays sur le continent. ANCEFA travaille en partenariat avec des ONG locales&nbsp;des ONG internationales, des syndicats d\u2019enseignants, des associations de parents d\u2019\u00e9l\u00e8ves en vue de la r\u00e9alisation des objectifs de l\u2019EPT.<\/span><\/em><\/p>\n<p><em><span style=\"font-size:11px\"><\/p>\n<p><\/span><\/em><\/p>\n<p><em><span style=\"font-size:11px\">&#8211; COMEDUC est fond\u00e9e depuis le 26 d\u00e9cembre 2009. C\u2019est une Coalition d\u2019organisations actives dans le domaine de l\u2019\u00e9ducation. Elle regroupe 27 organisations et r\u00e9seaux de la Soci\u00e9t\u00e9 civile actifs dans l\u2019alphab\u00e9tisation, les droits des femmes, la lutte contre la d\u00e9perdition et la violence en milieu scolaire, les droits des personnes handicap\u00e9es, la m\u00e8re et l\u2019enfant, les droits humains, la presse, les syndicats d\u2019enseignants, la formation, les universitaires, la recherche, la sant\u00e9, les jeunes, l\u2019insertion des filles en d\u00e9perdition scolaire, la petite enfance, le monde rural, la r\u00e9insertion des filles pauvres non scolaris\u00e9es, les droits des retrait\u00e9s et le d\u00e9veloppement.\u2026..<\/span><\/em><\/p><\/p>\n","protected":false},"excerpt":{"rendered":"<p>La Coalition&nbsp;des Organisations Mauritaniennes pour l\u2019Education (COMEDUC) a re\u00e7u une subvention du Fonds de la Soci\u00e9t\u00e9 Civile pour l\u2019Education (FSCE) sur une p\u00e9riode de trois mois Le but de cette subvention est d\u2019appuyer le d\u00e9veloppement institutionnel&nbsp;des coalitions ainsi que des actions de plaidoyer cibl\u00e9es \u00e0 travers la recherche, la mobilisation et le lobbying.Le FSCE est une subvention allou\u00e9e par le<\/p>\n","protected":false},"author":1,"featured_media":1,"comment_status":"closed","ping_status":"open","sticky":false,"template":"","format":"standard","meta":{"_crdt_document":"","footnotes":""},"categories":[11],"tags":[],"class_list":["post-585","post","type-post","status-publish","format-standard","has-post-thumbnail","hentry","category-communiques"],"_links":{"self":[{"href":"https:\/\/comeduc.net\/francais\/wp-json\/wp\/v2\/posts\/585","targetHints":{"allow":["GET"]}}],"collection":[{"href":"https:\/\/comeduc.net\/francais\/wp-json\/wp\/v2\/posts"}],"about":[{"href":"https:\/\/comeduc.net\/francais\/wp-json\/wp\/v2\/types\/post"}],"author":[{"embeddable":true,"href":"https:\/\/comeduc.net\/francais\/wp-json\/wp\/v2\/users\/1"}],"replies":[{"embeddable":true,"href":"https:\/\/comeduc.net\/francais\/wp-json\/wp\/v2\/comments?post=585"}],"version-history":[{"count":0,"href":"https:\/\/comeduc.net\/francais\/wp-json\/wp\/v2\/posts\/585\/revisions"}],"wp:featuredmedia":[{"embeddable":true,"href":"https:\/\/comeduc.net\/francais\/wp-json\/"}],"wp:attachment":[{"href":"https:\/\/comeduc.net\/francais\/wp-json\/wp\/v2\/media?parent=585"}],"wp:term":[{"taxonomy":"category","embeddable":true,"href":"https:\/\/comeduc.net\/francais\/wp-json\/wp\/v2\/categories?post=585"},{"taxonomy":"post_tag","embeddable":true,"href":"https:\/\/comeduc.net\/francais\/wp-json\/wp\/v2\/tags?post=585"}],"curies":[{"name":"wp","href":"https:\/\/api.w.org\/{rel}","templated":true}]}}