{"id":1434,"date":"2024-09-29T08:31:01","date_gmt":"2024-09-29T06:31:01","guid":{"rendered":"https:\/\/comeduc.net\/francais\/?p=1434"},"modified":"2024-09-29T17:37:08","modified_gmt":"2024-09-29T15:37:08","slug":"election-de-linspecteur-saleck-maham-president-de-comeduc","status":"publish","type":"post","link":"https:\/\/comeduc.net\/francais\/2024\/09\/29\/election-de-linspecteur-saleck-maham-president-de-comeduc\/","title":{"rendered":"Election de l\u2019Inspecteur Saleck Maham pr\u00e9sident de COMEDUC"},"content":{"rendered":"\n<p class=\"wp-block-paragraph\">&nbsp;Les rideaux viennent d\u2019\u00eatre tir\u00e9s le 26 Septembre courant sur la 4e Assembl\u00e9e g\u00e9n\u00e9rale ordinaire de la Coalition des organisations mauritaniennes pour l\u2019\u00e9ducation (COMEDUC) \u00e0 Nouakchott Hotel.<\/p>\n\n\n\n<p class=\"wp-block-paragraph\">Cette Assembl\u00e9e g\u00e9n\u00e9rale \u00e9tait l\u2019occasion pour les participants d\u2019\u00e9tudier, deux jours durant, par le dialogue franc et constructif la r\u00e9alit\u00e9 et l&rsquo;avenir de la coalition, d\u2019actualiser ses statuts et d\u2019\u00e9lire un nouveau Conseil d\u2019administration pr\u00e9sid\u00e9 par l\u2019Inspecteur Saleck Maham.<\/p>\n\n\n\n<p class=\"wp-block-paragraph\">80 participants ont pris part \u00e0 cette AG, dont notamment les d\u00e9l\u00e9gu\u00e9s \u00e9lus lors des AG g\u00e9n\u00e9rales organis\u00e9es en juillet dernier dans toutes les r\u00e9gions du pays, en plus d\u2019invit\u00e9s de marque dont le Pr\u00e9sident du Conseil d\u2019Administration de la Campagne mondiale pour l\u2019\u00e9ducation, pr\u00e9sident du Conseil d\u2019Administration du r\u00e9seau africain pour la Campagne de l\u2019\u00e9ducation et le repr\u00e9sentant du projet du GPE, \u00ab&nbsp;Education out loud&nbsp;\u00bb.<\/p>\n","protected":false},"excerpt":{"rendered":"<p>&nbsp;Les rideaux viennent d\u2019\u00eatre tir\u00e9s le 26 Septembre courant sur la 4e Assembl\u00e9e g\u00e9n\u00e9rale ordinaire de la Coalition des organisations mauritaniennes pour l\u2019\u00e9ducation (COMEDUC) \u00e0 Nouakchott Hotel. Cette Assembl\u00e9e g\u00e9n\u00e9rale \u00e9tait l\u2019occasion pour les participants d\u2019\u00e9tudier, deux jours durant, par le dialogue franc et constructif la r\u00e9alit\u00e9 et l&rsquo;avenir de la coalition, d\u2019actualiser ses statuts et d\u2019\u00e9lire un nouveau Conseil<\/p>\n","protected":false},"author":1,"featured_media":1438,"comment_status":"open","ping_status":"open","sticky":false,"template":"","format":"standard","meta":{"_crdt_document":"","footnotes":""},"categories":[9],"tags":[15],"class_list":["post-1434","post","type-post","status-publish","format-standard","has-post-thumbnail","hentry","category-actualites","tag-hoore"],"_links":{"self":[{"href":"https:\/\/comeduc.net\/francais\/wp-json\/wp\/v2\/posts\/1434","targetHints":{"allow":["GET"]}}],"collection":[{"href":"https:\/\/comeduc.net\/francais\/wp-json\/wp\/v2\/posts"}],"about":[{"href":"https:\/\/comeduc.net\/francais\/wp-json\/wp\/v2\/types\/post"}],"author":[{"embeddable":true,"href":"https:\/\/comeduc.net\/francais\/wp-json\/wp\/v2\/users\/1"}],"replies":[{"embeddable":true,"href":"https:\/\/comeduc.net\/francais\/wp-json\/wp\/v2\/comments?post=1434"}],"version-history":[{"count":1,"href":"https:\/\/comeduc.net\/francais\/wp-json\/wp\/v2\/posts\/1434\/revisions"}],"predecessor-version":[{"id":1437,"href":"https:\/\/comeduc.net\/francais\/wp-json\/wp\/v2\/posts\/1434\/revisions\/1437"}],"wp:featuredmedia":[{"embeddable":true,"href":"https:\/\/comeduc.net\/francais\/wp-json\/wp\/v2\/media\/1438"}],"wp:attachment":[{"href":"https:\/\/comeduc.net\/francais\/wp-json\/wp\/v2\/media?parent=1434"}],"wp:term":[{"taxonomy":"category","embeddable":true,"href":"https:\/\/comeduc.net\/francais\/wp-json\/wp\/v2\/categories?post=1434"},{"taxonomy":"post_tag","embeddable":true,"href":"https:\/\/comeduc.net\/francais\/wp-json\/wp\/v2\/tags?post=1434"}],"curies":[{"name":"wp","href":"https:\/\/api.w.org\/{rel}","templated":true}]}}