{"id":1396,"date":"2024-08-01T11:57:27","date_gmt":"2024-08-01T09:57:27","guid":{"rendered":"https:\/\/comeduc.net\/francais\/?p=1396"},"modified":"2024-08-01T11:57:27","modified_gmt":"2024-08-01T09:57:27","slug":"nouadhibou-election-dun-nouveau-bureau-de-comeduc","status":"publish","type":"post","link":"https:\/\/comeduc.net\/francais\/2024\/08\/01\/nouadhibou-election-dun-nouveau-bureau-de-comeduc\/","title":{"rendered":"Nouadhibou\u00a0: Election d\u2019un nouveau bureau de COMEDUC"},"content":{"rendered":"\n<p class=\"wp-block-paragraph\">Mardi 30 juillet 2024, la troisi\u00e8me assembl\u00e9e g\u00e9n\u00e9rale r\u00e9gionale ordinaire de la Coalition des organisations mauritaniennes pour l&rsquo;\u00e9ducation s&rsquo;est tenue \u00e0 Nouadhibou, capitale du Gorgol. L&rsquo;assembl\u00e9e, qui s&rsquo;est tenue sous la supervision de Mme Sarr n\u00e9e Dewel Diop tr\u00e9sori\u00e8re de COMEDUC, a r\u00e9uni des repr\u00e9sentants des organisations affili\u00e9es \u00e0 la coalition au niveau de la wilaya.<\/p>\n\n\n\n<p class=\"wp-block-paragraph\">Le coordonnateur r\u00e9gional sortant a pr\u00e9sent\u00e9 un rapport complet sur les activit\u00e9s de la coalition dans la wilaya avant l\u2019\u00e9lection d\u2019un nouveau bureau et des d\u00e9l\u00e9gu\u00e9s de la wilaya \u00e0 l\u2019Assembl\u00e9e g\u00e9n\u00e9rale nationale pr\u00e9vue \u00e0 Nouakchott en septembre prochain.<\/p>\n\n\n\n<figure class=\"wp-block-gallery has-nested-images columns-default is-cropped wp-block-gallery-1 is-layout-flex wp-block-gallery-is-layout-flex\">\n<figure class=\"wp-block-image size-large\"><img loading=\"lazy\" decoding=\"async\" width=\"768\" height=\"576\" data-id=\"1397\" src=\"https:\/\/comeduc.net\/francais\/wp-content\/uploads\/sites\/2\/2024\/08\/AGNDB1.jpg\" alt=\"\" class=\"wp-image-1397\" srcset=\"https:\/\/comeduc.net\/francais\/wp-content\/uploads\/sites\/2\/2024\/08\/AGNDB1.jpg 768w, https:\/\/comeduc.net\/francais\/wp-content\/uploads\/sites\/2\/2024\/08\/AGNDB1-300x225.jpg 300w\" sizes=\"auto, (max-width: 768px) 100vw, 768px\" \/><\/figure>\n\n\n\n<figure class=\"wp-block-image size-large\"><img loading=\"lazy\" decoding=\"async\" width=\"768\" height=\"576\" data-id=\"1400\" src=\"https:\/\/comeduc.net\/francais\/wp-content\/uploads\/sites\/2\/2024\/08\/AGNDB2.jpg\" alt=\"\" class=\"wp-image-1400\" srcset=\"https:\/\/comeduc.net\/francais\/wp-content\/uploads\/sites\/2\/2024\/08\/AGNDB2.jpg 768w, https:\/\/comeduc.net\/francais\/wp-content\/uploads\/sites\/2\/2024\/08\/AGNDB2-300x225.jpg 300w\" sizes=\"auto, (max-width: 768px) 100vw, 768px\" \/><\/figure>\n\n\n\n<figure class=\"wp-block-image size-large\"><img loading=\"lazy\" decoding=\"async\" width=\"810\" height=\"607\" data-id=\"1401\" src=\"https:\/\/comeduc.net\/francais\/wp-content\/uploads\/sites\/2\/2024\/08\/AGNDB3.jpg\" alt=\"\" class=\"wp-image-1401\" srcset=\"https:\/\/comeduc.net\/francais\/wp-content\/uploads\/sites\/2\/2024\/08\/AGNDB3.jpg 810w, https:\/\/comeduc.net\/francais\/wp-content\/uploads\/sites\/2\/2024\/08\/AGNDB3-300x225.jpg 300w, https:\/\/comeduc.net\/francais\/wp-content\/uploads\/sites\/2\/2024\/08\/AGNDB3-768x576.jpg 768w\" sizes=\"auto, (max-width: 810px) 100vw, 810px\" \/><\/figure>\n\n\n\n<figure class=\"wp-block-image size-large\"><img loading=\"lazy\" decoding=\"async\" width=\"1024\" height=\"768\" data-id=\"1398\" src=\"https:\/\/comeduc.net\/francais\/wp-content\/uploads\/sites\/2\/2024\/08\/AGNDB4-1024x768.jpg\" alt=\"\" class=\"wp-image-1398\" srcset=\"https:\/\/comeduc.net\/francais\/wp-content\/uploads\/sites\/2\/2024\/08\/AGNDB4-1024x768.jpg 1024w, https:\/\/comeduc.net\/francais\/wp-content\/uploads\/sites\/2\/2024\/08\/AGNDB4-300x225.jpg 300w, https:\/\/comeduc.net\/francais\/wp-content\/uploads\/sites\/2\/2024\/08\/AGNDB4-768x576.jpg 768w, https:\/\/comeduc.net\/francais\/wp-content\/uploads\/sites\/2\/2024\/08\/AGNDB4.jpg 1080w\" sizes=\"auto, (max-width: 1024px) 100vw, 1024px\" \/><\/figure>\n\n\n\n<figure class=\"wp-block-image size-large\"><img loading=\"lazy\" decoding=\"async\" width=\"810\" height=\"607\" data-id=\"1399\" src=\"https:\/\/comeduc.net\/francais\/wp-content\/uploads\/sites\/2\/2024\/08\/AGNDB5.jpg\" alt=\"\" class=\"wp-image-1399\" srcset=\"https:\/\/comeduc.net\/francais\/wp-content\/uploads\/sites\/2\/2024\/08\/AGNDB5.jpg 810w, https:\/\/comeduc.net\/francais\/wp-content\/uploads\/sites\/2\/2024\/08\/AGNDB5-300x225.jpg 300w, https:\/\/comeduc.net\/francais\/wp-content\/uploads\/sites\/2\/2024\/08\/AGNDB5-768x576.jpg 768w\" sizes=\"auto, (max-width: 810px) 100vw, 810px\" \/><\/figure>\n<\/figure>\n","protected":false},"excerpt":{"rendered":"<p>Mardi 30 juillet 2024, la troisi\u00e8me assembl\u00e9e g\u00e9n\u00e9rale r\u00e9gionale ordinaire de la Coalition des organisations mauritaniennes pour l&rsquo;\u00e9ducation s&rsquo;est tenue \u00e0 Nouadhibou, capitale du Gorgol. L&rsquo;assembl\u00e9e, qui s&rsquo;est tenue sous la supervision de Mme Sarr n\u00e9e Dewel Diop tr\u00e9sori\u00e8re de COMEDUC, a r\u00e9uni des repr\u00e9sentants des organisations affili\u00e9es \u00e0 la coalition au niveau de la wilaya. Le coordonnateur r\u00e9gional sortant<\/p>\n","protected":false},"author":1,"featured_media":1400,"comment_status":"open","ping_status":"open","sticky":false,"template":"","format":"standard","meta":{"_crdt_document":"","footnotes":""},"categories":[9],"tags":[15],"class_list":["post-1396","post","type-post","status-publish","format-standard","has-post-thumbnail","hentry","category-actualites","tag-hoore"],"_links":{"self":[{"href":"https:\/\/comeduc.net\/francais\/wp-json\/wp\/v2\/posts\/1396","targetHints":{"allow":["GET"]}}],"collection":[{"href":"https:\/\/comeduc.net\/francais\/wp-json\/wp\/v2\/posts"}],"about":[{"href":"https:\/\/comeduc.net\/francais\/wp-json\/wp\/v2\/types\/post"}],"author":[{"embeddable":true,"href":"https:\/\/comeduc.net\/francais\/wp-json\/wp\/v2\/users\/1"}],"replies":[{"embeddable":true,"href":"https:\/\/comeduc.net\/francais\/wp-json\/wp\/v2\/comments?post=1396"}],"version-history":[{"count":1,"href":"https:\/\/comeduc.net\/francais\/wp-json\/wp\/v2\/posts\/1396\/revisions"}],"predecessor-version":[{"id":1402,"href":"https:\/\/comeduc.net\/francais\/wp-json\/wp\/v2\/posts\/1396\/revisions\/1402"}],"wp:featuredmedia":[{"embeddable":true,"href":"https:\/\/comeduc.net\/francais\/wp-json\/wp\/v2\/media\/1400"}],"wp:attachment":[{"href":"https:\/\/comeduc.net\/francais\/wp-json\/wp\/v2\/media?parent=1396"}],"wp:term":[{"taxonomy":"category","embeddable":true,"href":"https:\/\/comeduc.net\/francais\/wp-json\/wp\/v2\/categories?post=1396"},{"taxonomy":"post_tag","embeddable":true,"href":"https:\/\/comeduc.net\/francais\/wp-json\/wp\/v2\/tags?post=1396"}],"curies":[{"name":"wp","href":"https:\/\/api.w.org\/{rel}","templated":true}]}}