{"id":1331,"date":"2024-07-21T07:55:59","date_gmt":"2024-07-21T05:55:59","guid":{"rendered":"https:\/\/comeduc.net\/francais\/?p=1331"},"modified":"2024-07-21T07:55:59","modified_gmt":"2024-07-21T05:55:59","slug":"election-dun-nouveau-bureau-de-comeduc-au-guidimagha","status":"publish","type":"post","link":"https:\/\/comeduc.net\/francais\/2024\/07\/21\/election-dun-nouveau-bureau-de-comeduc-au-guidimagha\/","title":{"rendered":"Election d\u2019un nouveau bureau de COMEDUC au Guidimagha"},"content":{"rendered":"\n<p class=\"wp-block-paragraph\">Lundi 1<sup>er<\/sup> juillet 2024, une nouvelle assembl\u00e9e g\u00e9n\u00e9rale r\u00e9gionale ordinaire de la Coalition des organisations mauritaniennes pour l&rsquo;\u00e9ducation s&rsquo;est tenue \u00e0 S\u00e9libaby, capitale du Guidimagha. L&rsquo;assembl\u00e9e, qui s&rsquo;est tenue sous la supervision de M. Harouna Sall, Coordonnateur national de la coalition, a r\u00e9uni des repr\u00e9sentants des organisations affili\u00e9es \u00e0 la coalition au niveau de la wilaya.<\/p>\n\n\n\n<p class=\"wp-block-paragraph\">Le coordonnateur r\u00e9gional sortant a pr\u00e9sent\u00e9 un rapport complet sur les activit\u00e9s de la coalition dans la wilaya avant l\u2019\u00e9lection d\u2019un nouveau bureau.<\/p>\n\n\n\n<p class=\"wp-block-paragraph\">Enfin, les participants ont formul\u00e9 des recommandations int\u00e9ressantes.<\/p>\n\n\n\n<figure class=\"wp-block-gallery has-nested-images columns-default is-cropped wp-block-gallery-1 is-layout-flex wp-block-gallery-is-layout-flex\">\n<figure class=\"wp-block-image size-large\"><img loading=\"lazy\" decoding=\"async\" width=\"720\" height=\"540\" data-id=\"1333\" src=\"https:\/\/comeduc.net\/francais\/wp-content\/uploads\/sites\/2\/2024\/07\/AGuidimagha1.jpg\" alt=\"\" class=\"wp-image-1333\" srcset=\"https:\/\/comeduc.net\/francais\/wp-content\/uploads\/sites\/2\/2024\/07\/AGuidimagha1.jpg 720w, https:\/\/comeduc.net\/francais\/wp-content\/uploads\/sites\/2\/2024\/07\/AGuidimagha1-300x225.jpg 300w\" sizes=\"auto, (max-width: 720px) 100vw, 720px\" \/><\/figure>\n\n\n\n<figure class=\"wp-block-image size-large\"><img loading=\"lazy\" decoding=\"async\" width=\"720\" height=\"540\" data-id=\"1332\" src=\"https:\/\/comeduc.net\/francais\/wp-content\/uploads\/sites\/2\/2024\/07\/AGuidimagha2.jpg\" alt=\"\" class=\"wp-image-1332\" srcset=\"https:\/\/comeduc.net\/francais\/wp-content\/uploads\/sites\/2\/2024\/07\/AGuidimagha2.jpg 720w, https:\/\/comeduc.net\/francais\/wp-content\/uploads\/sites\/2\/2024\/07\/AGuidimagha2-300x225.jpg 300w\" sizes=\"auto, (max-width: 720px) 100vw, 720px\" \/><\/figure>\n\n\n\n<figure class=\"wp-block-image size-large\"><img loading=\"lazy\" decoding=\"async\" width=\"720\" height=\"540\" data-id=\"1334\" src=\"https:\/\/comeduc.net\/francais\/wp-content\/uploads\/sites\/2\/2024\/07\/AGuidimagha3.jpg\" alt=\"\" class=\"wp-image-1334\" srcset=\"https:\/\/comeduc.net\/francais\/wp-content\/uploads\/sites\/2\/2024\/07\/AGuidimagha3.jpg 720w, https:\/\/comeduc.net\/francais\/wp-content\/uploads\/sites\/2\/2024\/07\/AGuidimagha3-300x225.jpg 300w\" sizes=\"auto, (max-width: 720px) 100vw, 720px\" \/><\/figure>\n\n\n\n<figure class=\"wp-block-image size-large\"><img loading=\"lazy\" decoding=\"async\" width=\"720\" height=\"540\" data-id=\"1335\" src=\"https:\/\/comeduc.net\/francais\/wp-content\/uploads\/sites\/2\/2024\/07\/AGuidimagha4.jpg\" alt=\"\" class=\"wp-image-1335\" srcset=\"https:\/\/comeduc.net\/francais\/wp-content\/uploads\/sites\/2\/2024\/07\/AGuidimagha4.jpg 720w, https:\/\/comeduc.net\/francais\/wp-content\/uploads\/sites\/2\/2024\/07\/AGuidimagha4-300x225.jpg 300w\" sizes=\"auto, (max-width: 720px) 100vw, 720px\" \/><\/figure>\n\n\n\n<figure class=\"wp-block-image size-large\"><img loading=\"lazy\" decoding=\"async\" width=\"720\" height=\"540\" data-id=\"1339\" src=\"https:\/\/comeduc.net\/francais\/wp-content\/uploads\/sites\/2\/2024\/07\/AGuidimagha5.jpg\" alt=\"\" class=\"wp-image-1339\" srcset=\"https:\/\/comeduc.net\/francais\/wp-content\/uploads\/sites\/2\/2024\/07\/AGuidimagha5.jpg 720w, https:\/\/comeduc.net\/francais\/wp-content\/uploads\/sites\/2\/2024\/07\/AGuidimagha5-300x225.jpg 300w\" sizes=\"auto, (max-width: 720px) 100vw, 720px\" \/><\/figure>\n\n\n\n<figure class=\"wp-block-image size-large\"><img loading=\"lazy\" decoding=\"async\" width=\"720\" height=\"540\" data-id=\"1338\" src=\"https:\/\/comeduc.net\/francais\/wp-content\/uploads\/sites\/2\/2024\/07\/AGuidimagha6.jpg\" alt=\"\" class=\"wp-image-1338\" srcset=\"https:\/\/comeduc.net\/francais\/wp-content\/uploads\/sites\/2\/2024\/07\/AGuidimagha6.jpg 720w, https:\/\/comeduc.net\/francais\/wp-content\/uploads\/sites\/2\/2024\/07\/AGuidimagha6-300x225.jpg 300w\" sizes=\"auto, (max-width: 720px) 100vw, 720px\" \/><\/figure>\n\n\n\n<figure class=\"wp-block-image size-large\"><img loading=\"lazy\" decoding=\"async\" width=\"720\" height=\"540\" data-id=\"1336\" src=\"https:\/\/comeduc.net\/francais\/wp-content\/uploads\/sites\/2\/2024\/07\/AGuidimagha7.jpg\" alt=\"\" class=\"wp-image-1336\" srcset=\"https:\/\/comeduc.net\/francais\/wp-content\/uploads\/sites\/2\/2024\/07\/AGuidimagha7.jpg 720w, https:\/\/comeduc.net\/francais\/wp-content\/uploads\/sites\/2\/2024\/07\/AGuidimagha7-300x225.jpg 300w\" sizes=\"auto, (max-width: 720px) 100vw, 720px\" \/><\/figure>\n\n\n\n<figure class=\"wp-block-image size-large\"><img loading=\"lazy\" decoding=\"async\" width=\"720\" height=\"540\" data-id=\"1337\" src=\"https:\/\/comeduc.net\/francais\/wp-content\/uploads\/sites\/2\/2024\/07\/AGuidimagha8.jpg\" alt=\"\" class=\"wp-image-1337\" srcset=\"https:\/\/comeduc.net\/francais\/wp-content\/uploads\/sites\/2\/2024\/07\/AGuidimagha8.jpg 720w, https:\/\/comeduc.net\/francais\/wp-content\/uploads\/sites\/2\/2024\/07\/AGuidimagha8-300x225.jpg 300w\" sizes=\"auto, (max-width: 720px) 100vw, 720px\" \/><\/figure>\n<\/figure>\n","protected":false},"excerpt":{"rendered":"<p>Lundi 1er juillet 2024, une nouvelle assembl\u00e9e g\u00e9n\u00e9rale r\u00e9gionale ordinaire de la Coalition des organisations mauritaniennes pour l&rsquo;\u00e9ducation s&rsquo;est tenue \u00e0 S\u00e9libaby, capitale du Guidimagha. L&rsquo;assembl\u00e9e, qui s&rsquo;est tenue sous la supervision de M. Harouna Sall, Coordonnateur national de la coalition, a r\u00e9uni des repr\u00e9sentants des organisations affili\u00e9es \u00e0 la coalition au niveau de la wilaya. Le coordonnateur r\u00e9gional sortant<\/p>\n","protected":false},"author":1,"featured_media":1335,"comment_status":"open","ping_status":"open","sticky":false,"template":"","format":"standard","meta":{"_crdt_document":"","footnotes":""},"categories":[9],"tags":[15],"class_list":["post-1331","post","type-post","status-publish","format-standard","has-post-thumbnail","hentry","category-actualites","tag-hoore"],"_links":{"self":[{"href":"https:\/\/comeduc.net\/francais\/wp-json\/wp\/v2\/posts\/1331","targetHints":{"allow":["GET"]}}],"collection":[{"href":"https:\/\/comeduc.net\/francais\/wp-json\/wp\/v2\/posts"}],"about":[{"href":"https:\/\/comeduc.net\/francais\/wp-json\/wp\/v2\/types\/post"}],"author":[{"embeddable":true,"href":"https:\/\/comeduc.net\/francais\/wp-json\/wp\/v2\/users\/1"}],"replies":[{"embeddable":true,"href":"https:\/\/comeduc.net\/francais\/wp-json\/wp\/v2\/comments?post=1331"}],"version-history":[{"count":1,"href":"https:\/\/comeduc.net\/francais\/wp-json\/wp\/v2\/posts\/1331\/revisions"}],"predecessor-version":[{"id":1340,"href":"https:\/\/comeduc.net\/francais\/wp-json\/wp\/v2\/posts\/1331\/revisions\/1340"}],"wp:featuredmedia":[{"embeddable":true,"href":"https:\/\/comeduc.net\/francais\/wp-json\/wp\/v2\/media\/1335"}],"wp:attachment":[{"href":"https:\/\/comeduc.net\/francais\/wp-json\/wp\/v2\/media?parent=1331"}],"wp:term":[{"taxonomy":"category","embeddable":true,"href":"https:\/\/comeduc.net\/francais\/wp-json\/wp\/v2\/categories?post=1331"},{"taxonomy":"post_tag","embeddable":true,"href":"https:\/\/comeduc.net\/francais\/wp-json\/wp\/v2\/tags?post=1331"}],"curies":[{"name":"wp","href":"https:\/\/api.w.org\/{rel}","templated":true}]}}