{"id":1293,"date":"2024-06-14T13:29:54","date_gmt":"2024-06-14T11:29:54","guid":{"rendered":"https:\/\/comeduc.net\/francais\/?p=1293"},"modified":"2024-06-14T13:29:54","modified_gmt":"2024-06-14T11:29:54","slug":"comeduc-organise-un-atelier-pour-cloturer-son-projet-eol-2021-2023","status":"publish","type":"post","link":"https:\/\/comeduc.net\/francais\/2024\/06\/14\/comeduc-organise-un-atelier-pour-cloturer-son-projet-eol-2021-2023\/","title":{"rendered":"COMEDUC organise un atelier pour cl\u00f4turer son projet EOL 2021-2023"},"content":{"rendered":"\n<p class=\"wp-block-paragraph\">Mardi 11 juin courant, COMEDUC a organis\u00e9 un atelier de cl\u00f4ture de son projet EOL mis en \u0153uvre durant les ann\u00e9es 2021-2023. Ce projet est un fonds du PME (GPE) pour le plaidoyer et la responsabilit\u00e9 sociale afin de permettre \u00e0 la soci\u00e9t\u00e9 civile de devenir active et influente dans l&rsquo;\u00e9laboration des politiques \u00e9ducatives en vue de mieux r\u00e9pondre aux besoins des communaut\u00e9s, notamment les plus marginalis\u00e9es. Il vise \u00e0 renforcer l\u2019inclusion en mati\u00e8re d\u2019\u00e9ducation en Mauritanie, \u00e0 travers le renforcement de la participation de la soci\u00e9t\u00e9 civile nationale \u00e0 la planification de l\u2019\u00e9ducation, au dialogue sur les politiques et au suivi.<\/p>\n\n\n\n<p class=\"wp-block-paragraph\">Un ensemble d\u2019activit\u00e9s ont \u00e9t\u00e9 men\u00e9es par la Coalition dans le cadre de ce projet, notamment&nbsp;:<\/p>\n\n\n\n<p class=\"wp-block-paragraph\">&#8211; L\u2019\u00e9tablissement d&rsquo;une base r\u00e9gionale de donn\u00e9es sur l&rsquo;\u00e9ducation afin de renforcer la base de donn\u00e9es de la Coalition en vue d&rsquo;assoir son plaidoyer sur des fondements solides.<\/p>\n\n\n\n<p class=\"wp-block-paragraph\">&#8211; La c\u00e9l\u00e9bration de la Semaine mondiale d\u2019action pour l\u2019\u00e9ducation (SMAE) 2022 et 2023<\/p>\n\n\n\n<p class=\"wp-block-paragraph\">&#8211; La c\u00e9l\u00e9bration de la Journ\u00e9e Mondiale des Handicap\u00e9s en 2022 et 2023<\/p>\n\n\n\n<p class=\"wp-block-paragraph\">&#8211; L\u2019actualisation du plan strat\u00e9gique quinquennal de la Coalition et l\u2019organisation d\u2019un atelier de restitution et de validation de ce plan strat\u00e9gique<\/p>\n\n\n\n<p class=\"wp-block-paragraph\">&#8211; L\u2019organisation de 2 ateliers de restitution des r\u00e9sultats de l\u2019enqu\u00eate sur les donn\u00e9es statistiques pour l\u2019\u00e9tablissement de la base de donn\u00e9es.<\/p>\n\n\n\n<p class=\"wp-block-paragraph\">Notons qu\u2019en plus de ce projet, COMEDUC a, durant la m\u00eame p\u00e9riode, organis\u00e9 un ensemble d\u2019activit\u00e9s, dont notamment&nbsp;:<\/p>\n\n\n\n<p class=\"wp-block-paragraph\">&#8211; La c\u00e9l\u00e9bration de la journ\u00e9e mondiale des enseignants 2022<\/p>\n\n\n\n<p class=\"wp-block-paragraph\">&#8211; De nombreuses activit\u00e9s \u00e0 Nouakchott capitale du pays et dans les r\u00e9gions de l\u2019int\u00e9rieur pour lutter contre les discriminations et in\u00e9galit\u00e9s de genre, notamment en milieu scolaire.<\/p>\n\n\n\n<figure class=\"wp-block-gallery has-nested-images columns-default is-cropped wp-block-gallery-1 is-layout-flex wp-block-gallery-is-layout-flex\">\n<figure class=\"wp-block-image size-large\"><img loading=\"lazy\" decoding=\"async\" width=\"765\" height=\"574\" data-id=\"1295\" src=\"https:\/\/comeduc.net\/francais\/wp-content\/uploads\/sites\/2\/2024\/06\/cloture-projet-eol-2021-2023.jpg\" alt=\"\" class=\"wp-image-1295\" srcset=\"https:\/\/comeduc.net\/francais\/wp-content\/uploads\/sites\/2\/2024\/06\/cloture-projet-eol-2021-2023.jpg 765w, https:\/\/comeduc.net\/francais\/wp-content\/uploads\/sites\/2\/2024\/06\/cloture-projet-eol-2021-2023-300x225.jpg 300w\" sizes=\"auto, (max-width: 765px) 100vw, 765px\" \/><\/figure>\n\n\n\n<figure class=\"wp-block-image size-large\"><img loading=\"lazy\" decoding=\"async\" width=\"720\" height=\"405\" data-id=\"1294\" src=\"https:\/\/comeduc.net\/francais\/wp-content\/uploads\/sites\/2\/2024\/06\/IMG-20240611-WA0012.jpg\" alt=\"COMEDUC organise un atelier pour cl\u00f4turer son projet EOL 2021-2023\" class=\"wp-image-1294\" srcset=\"https:\/\/comeduc.net\/francais\/wp-content\/uploads\/sites\/2\/2024\/06\/IMG-20240611-WA0012.jpg 720w, https:\/\/comeduc.net\/francais\/wp-content\/uploads\/sites\/2\/2024\/06\/IMG-20240611-WA0012-300x169.jpg 300w\" sizes=\"auto, (max-width: 720px) 100vw, 720px\" \/><figcaption class=\"wp-element-caption\">COMEDUC organise un atelier pour cl\u00f4turer son projet EOL 2021-2023<\/figcaption><\/figure>\n<\/figure>\n","protected":false},"excerpt":{"rendered":"<p>Mardi 11 juin courant, COMEDUC a organis\u00e9 un atelier de cl\u00f4ture de son projet EOL mis en \u0153uvre durant les ann\u00e9es 2021-2023. Ce projet est un fonds du PME (GPE) pour le plaidoyer et la responsabilit\u00e9 sociale afin de permettre \u00e0 la soci\u00e9t\u00e9 civile de devenir active et influente dans l&rsquo;\u00e9laboration des politiques \u00e9ducatives en vue de mieux r\u00e9pondre aux<\/p>\n","protected":false},"author":1,"featured_media":1294,"comment_status":"open","ping_status":"open","sticky":false,"template":"","format":"standard","meta":{"_crdt_document":"","footnotes":""},"categories":[9],"tags":[],"class_list":["post-1293","post","type-post","status-publish","format-standard","has-post-thumbnail","hentry","category-actualites"],"_links":{"self":[{"href":"https:\/\/comeduc.net\/francais\/wp-json\/wp\/v2\/posts\/1293","targetHints":{"allow":["GET"]}}],"collection":[{"href":"https:\/\/comeduc.net\/francais\/wp-json\/wp\/v2\/posts"}],"about":[{"href":"https:\/\/comeduc.net\/francais\/wp-json\/wp\/v2\/types\/post"}],"author":[{"embeddable":true,"href":"https:\/\/comeduc.net\/francais\/wp-json\/wp\/v2\/users\/1"}],"replies":[{"embeddable":true,"href":"https:\/\/comeduc.net\/francais\/wp-json\/wp\/v2\/comments?post=1293"}],"version-history":[{"count":1,"href":"https:\/\/comeduc.net\/francais\/wp-json\/wp\/v2\/posts\/1293\/revisions"}],"predecessor-version":[{"id":1296,"href":"https:\/\/comeduc.net\/francais\/wp-json\/wp\/v2\/posts\/1293\/revisions\/1296"}],"wp:featuredmedia":[{"embeddable":true,"href":"https:\/\/comeduc.net\/francais\/wp-json\/wp\/v2\/media\/1294"}],"wp:attachment":[{"href":"https:\/\/comeduc.net\/francais\/wp-json\/wp\/v2\/media?parent=1293"}],"wp:term":[{"taxonomy":"category","embeddable":true,"href":"https:\/\/comeduc.net\/francais\/wp-json\/wp\/v2\/categories?post=1293"},{"taxonomy":"post_tag","embeddable":true,"href":"https:\/\/comeduc.net\/francais\/wp-json\/wp\/v2\/tags?post=1293"}],"curies":[{"name":"wp","href":"https:\/\/api.w.org\/{rel}","templated":true}]}}