{"id":1283,"date":"2024-02-23T09:50:24","date_gmt":"2024-02-23T08:50:24","guid":{"rendered":"https:\/\/comeduc.net\/francais\/?p=1283"},"modified":"2024-02-23T09:50:24","modified_gmt":"2024-02-23T08:50:24","slug":"comeduc-organise-une-serie-dactivites-contre-la-violence-en-milieu-scolaire","status":"publish","type":"post","link":"https:\/\/comeduc.net\/francais\/2024\/02\/23\/comeduc-organise-une-serie-dactivites-contre-la-violence-en-milieu-scolaire\/","title":{"rendered":"COMEDUC organise une s\u00e9rie d\u2019activit\u00e9s contre la violence en milieu scolaire"},"content":{"rendered":"\n<p class=\"wp-block-paragraph\">La Coalition, en coop\u00e9ration avec le R\u00e9seau africain de la Campagne pour l&rsquo;\u00e9ducation (ANCEFA), a organis\u00e9 une s\u00e9rie d&rsquo;activit\u00e9s visant \u00e0 lutter contre les violences en milieu scolaire, du 14 au 20 f\u00e9vrier 2024&nbsp;:<\/p>\n\n\n\n<p class=\"wp-block-paragraph\">&#8211; Dix causeries \u00e0 Nouakchott avec des \u00e9l\u00e8ves et \u00e9tudiants d&rsquo;\u00e9tablissements des diff\u00e9rents niveaux de l&rsquo;enseignement fondamental, secondaire et sup\u00e9rieur ;<\/p>\n\n\n\n<p class=\"wp-block-paragraph\">&#8211; Deux ateliers \u00e0 l&rsquo;H\u00f4tel Iman, le premier sur le renforcement des capacit\u00e9s de pr\u00e9vention et de lutte contre la violence dans les \u00e9coles, organis\u00e9 le vendredi 16 f\u00e9vrier. Ont pris part \u00e0 cet atelier 30 membres d&rsquo;organisations affili\u00e9es \u00e0 la coalition, dont des repr\u00e9sentants des 12 coordinations de la Coalition \u00e0 l&rsquo;int\u00e9rieur du Pays. Le second atelier, organis\u00e9 les 18 et 19 f\u00e9vrier afin de plaider pour l&rsquo;am\u00e9lioration des textes l\u00e9gislatifs contre les violences faites aux femmes et aux filles en milieu scolaire et \u00e0 l\u2019ext\u00e9rieur de l\u2019\u00e9cole, a r\u00e9uni une quarantaine de membres des organisations affili\u00e9es \u00e0 la coalition \u00e0 Nouakchott.<\/p>\n\n\n\n<p class=\"wp-block-paragraph\">&#8211; Trois ateliers en Assaba, au Gorgole et en Adrar, dans le cadre d&rsquo;une campagne de sensibilisation des jeunes des organisations membres de la Coalition dans les r\u00e9gions de l&rsquo;int\u00e9rieur du Pays sur le droit des filles \u00e0 l&rsquo;\u00e9ducation.<\/p>\n\n\n\n<figure class=\"wp-block-gallery has-nested-images columns-default is-cropped wp-block-gallery-1 is-layout-flex wp-block-gallery-is-layout-flex\">\n<figure class=\"wp-block-image size-large\"><img loading=\"lazy\" decoding=\"async\" width=\"768\" height=\"1024\" data-id=\"1287\" src=\"https:\/\/comeduc.net\/francais\/wp-content\/uploads\/sites\/2\/2024\/02\/arafat3-768x1024.jpg\" alt=\"\" class=\"wp-image-1287\" srcset=\"https:\/\/comeduc.net\/francais\/wp-content\/uploads\/sites\/2\/2024\/02\/arafat3-768x1024.jpg 768w, https:\/\/comeduc.net\/francais\/wp-content\/uploads\/sites\/2\/2024\/02\/arafat3-225x300.jpg 225w, https:\/\/comeduc.net\/francais\/wp-content\/uploads\/sites\/2\/2024\/02\/arafat3.jpg 780w\" sizes=\"auto, (max-width: 768px) 100vw, 768px\" \/><\/figure>\n\n\n\n<figure class=\"wp-block-image size-large\"><img loading=\"lazy\" decoding=\"async\" width=\"1024\" height=\"768\" data-id=\"1285\" src=\"https:\/\/comeduc.net\/francais\/wp-content\/uploads\/sites\/2\/2024\/02\/arafat8-1024x768.jpg\" alt=\"\" class=\"wp-image-1285\" srcset=\"https:\/\/comeduc.net\/francais\/wp-content\/uploads\/sites\/2\/2024\/02\/arafat8-1024x768.jpg 1024w, https:\/\/comeduc.net\/francais\/wp-content\/uploads\/sites\/2\/2024\/02\/arafat8-300x225.jpg 300w, https:\/\/comeduc.net\/francais\/wp-content\/uploads\/sites\/2\/2024\/02\/arafat8-768x576.jpg 768w, https:\/\/comeduc.net\/francais\/wp-content\/uploads\/sites\/2\/2024\/02\/arafat8.jpg 1080w\" sizes=\"auto, (max-width: 1024px) 100vw, 1024px\" \/><\/figure>\n\n\n\n<figure class=\"wp-block-image size-large\"><img loading=\"lazy\" decoding=\"async\" width=\"496\" height=\"303\" data-id=\"1284\" src=\"https:\/\/comeduc.net\/francais\/wp-content\/uploads\/sites\/2\/2024\/02\/at-atar.jpg\" alt=\"\" class=\"wp-image-1284\" srcset=\"https:\/\/comeduc.net\/francais\/wp-content\/uploads\/sites\/2\/2024\/02\/at-atar.jpg 496w, https:\/\/comeduc.net\/francais\/wp-content\/uploads\/sites\/2\/2024\/02\/at-atar-300x183.jpg 300w\" sizes=\"auto, (max-width: 496px) 100vw, 496px\" \/><\/figure>\n\n\n\n<figure class=\"wp-block-image size-large\"><img loading=\"lazy\" decoding=\"async\" width=\"960\" height=\"540\" data-id=\"1286\" src=\"https:\/\/comeduc.net\/francais\/wp-content\/uploads\/sites\/2\/2024\/02\/at-kaedi.jpg\" alt=\"\" class=\"wp-image-1286\" srcset=\"https:\/\/comeduc.net\/francais\/wp-content\/uploads\/sites\/2\/2024\/02\/at-kaedi.jpg 960w, https:\/\/comeduc.net\/francais\/wp-content\/uploads\/sites\/2\/2024\/02\/at-kaedi-300x169.jpg 300w, https:\/\/comeduc.net\/francais\/wp-content\/uploads\/sites\/2\/2024\/02\/at-kaedi-768x432.jpg 768w\" sizes=\"auto, (max-width: 960px) 100vw, 960px\" \/><\/figure>\n\n\n\n<figure class=\"wp-block-image size-large\"><img loading=\"lazy\" decoding=\"async\" width=\"540\" height=\"256\" data-id=\"1290\" src=\"https:\/\/comeduc.net\/francais\/wp-content\/uploads\/sites\/2\/2024\/02\/at-nkc2.jpg\" alt=\"\" class=\"wp-image-1290\" srcset=\"https:\/\/comeduc.net\/francais\/wp-content\/uploads\/sites\/2\/2024\/02\/at-nkc2.jpg 540w, https:\/\/comeduc.net\/francais\/wp-content\/uploads\/sites\/2\/2024\/02\/at-nkc2-300x142.jpg 300w\" sizes=\"auto, (max-width: 540px) 100vw, 540px\" \/><\/figure>\n\n\n\n<figure class=\"wp-block-image size-large\"><img loading=\"lazy\" decoding=\"async\" width=\"1024\" height=\"576\" data-id=\"1289\" src=\"https:\/\/comeduc.net\/francais\/wp-content\/uploads\/sites\/2\/2024\/02\/dew-1024x576.jpg\" alt=\"\" class=\"wp-image-1289\" srcset=\"https:\/\/comeduc.net\/francais\/wp-content\/uploads\/sites\/2\/2024\/02\/dew-1024x576.jpg 1024w, https:\/\/comeduc.net\/francais\/wp-content\/uploads\/sites\/2\/2024\/02\/dew-300x169.jpg 300w, https:\/\/comeduc.net\/francais\/wp-content\/uploads\/sites\/2\/2024\/02\/dew-768x432.jpg 768w, https:\/\/comeduc.net\/francais\/wp-content\/uploads\/sites\/2\/2024\/02\/dew.jpg 1080w\" sizes=\"auto, (max-width: 1024px) 100vw, 1024px\" \/><\/figure>\n\n\n\n<figure class=\"wp-block-image size-large\"><img loading=\"lazy\" decoding=\"async\" width=\"1024\" height=\"683\" data-id=\"1288\" src=\"https:\/\/comeduc.net\/francais\/wp-content\/uploads\/sites\/2\/2024\/02\/ecole-aveugles.jpg\" alt=\"\" class=\"wp-image-1288\" srcset=\"https:\/\/comeduc.net\/francais\/wp-content\/uploads\/sites\/2\/2024\/02\/ecole-aveugles.jpg 1024w, https:\/\/comeduc.net\/francais\/wp-content\/uploads\/sites\/2\/2024\/02\/ecole-aveugles-300x200.jpg 300w, https:\/\/comeduc.net\/francais\/wp-content\/uploads\/sites\/2\/2024\/02\/ecole-aveugles-768x512.jpg 768w\" sizes=\"auto, (max-width: 1024px) 100vw, 1024px\" \/><\/figure>\n\n\n\n<figure class=\"wp-block-image size-large\"><img loading=\"lazy\" decoding=\"async\" width=\"1024\" height=\"683\" data-id=\"1291\" src=\"https:\/\/comeduc.net\/francais\/wp-content\/uploads\/sites\/2\/2024\/02\/ecole-sourds.jpg\" alt=\"\" class=\"wp-image-1291\" srcset=\"https:\/\/comeduc.net\/francais\/wp-content\/uploads\/sites\/2\/2024\/02\/ecole-sourds.jpg 1024w, https:\/\/comeduc.net\/francais\/wp-content\/uploads\/sites\/2\/2024\/02\/ecole-sourds-300x200.jpg 300w, https:\/\/comeduc.net\/francais\/wp-content\/uploads\/sites\/2\/2024\/02\/ecole-sourds-768x512.jpg 768w\" sizes=\"auto, (max-width: 1024px) 100vw, 1024px\" \/><\/figure>\n<\/figure>\n","protected":false},"excerpt":{"rendered":"<p>La Coalition, en coop\u00e9ration avec le R\u00e9seau africain de la Campagne pour l&rsquo;\u00e9ducation (ANCEFA), a organis\u00e9 une s\u00e9rie d&rsquo;activit\u00e9s visant \u00e0 lutter contre les violences en milieu scolaire, du 14 au 20 f\u00e9vrier 2024&nbsp;: &#8211; Dix causeries \u00e0 Nouakchott avec des \u00e9l\u00e8ves et \u00e9tudiants d&rsquo;\u00e9tablissements des diff\u00e9rents niveaux de l&rsquo;enseignement fondamental, secondaire et sup\u00e9rieur ; &#8211; Deux ateliers \u00e0 l&rsquo;H\u00f4tel<\/p>\n","protected":false},"author":1,"featured_media":1291,"comment_status":"open","ping_status":"open","sticky":false,"template":"","format":"standard","meta":{"_crdt_document":"","footnotes":""},"categories":[9],"tags":[15],"class_list":["post-1283","post","type-post","status-publish","format-standard","has-post-thumbnail","hentry","category-actualites","tag-hoore"],"_links":{"self":[{"href":"https:\/\/comeduc.net\/francais\/wp-json\/wp\/v2\/posts\/1283","targetHints":{"allow":["GET"]}}],"collection":[{"href":"https:\/\/comeduc.net\/francais\/wp-json\/wp\/v2\/posts"}],"about":[{"href":"https:\/\/comeduc.net\/francais\/wp-json\/wp\/v2\/types\/post"}],"author":[{"embeddable":true,"href":"https:\/\/comeduc.net\/francais\/wp-json\/wp\/v2\/users\/1"}],"replies":[{"embeddable":true,"href":"https:\/\/comeduc.net\/francais\/wp-json\/wp\/v2\/comments?post=1283"}],"version-history":[{"count":1,"href":"https:\/\/comeduc.net\/francais\/wp-json\/wp\/v2\/posts\/1283\/revisions"}],"predecessor-version":[{"id":1292,"href":"https:\/\/comeduc.net\/francais\/wp-json\/wp\/v2\/posts\/1283\/revisions\/1292"}],"wp:featuredmedia":[{"embeddable":true,"href":"https:\/\/comeduc.net\/francais\/wp-json\/wp\/v2\/media\/1291"}],"wp:attachment":[{"href":"https:\/\/comeduc.net\/francais\/wp-json\/wp\/v2\/media?parent=1283"}],"wp:term":[{"taxonomy":"category","embeddable":true,"href":"https:\/\/comeduc.net\/francais\/wp-json\/wp\/v2\/categories?post=1283"},{"taxonomy":"post_tag","embeddable":true,"href":"https:\/\/comeduc.net\/francais\/wp-json\/wp\/v2\/tags?post=1283"}],"curies":[{"name":"wp","href":"https:\/\/api.w.org\/{rel}","templated":true}]}}