{"id":1276,"date":"2023-12-27T07:02:31","date_gmt":"2023-12-27T06:02:31","guid":{"rendered":"https:\/\/comeduc.net\/francais\/?p=1276"},"modified":"2023-12-27T07:02:31","modified_gmt":"2023-12-27T06:02:31","slug":"comeduc-restitution-de-lenquete-pour-la-base-de-donnees-au-secondaire","status":"publish","type":"post","link":"https:\/\/comeduc.net\/francais\/2023\/12\/27\/comeduc-restitution-de-lenquete-pour-la-base-de-donnees-au-secondaire\/","title":{"rendered":"COMEDUC\u00a0: restitution de l\u2019enqu\u00eate pour la base de donn\u00e9es au Secondaire"},"content":{"rendered":"\n<p class=\"wp-block-paragraph\">Suite aux enqu\u00eates men\u00e9es depuis le d\u00e9but du mois de d\u00e9cembre courant par COMEDUC en vue de la mise en place d\u2019une base de donn\u00e9es sur l\u2019\u00e9ducation, dans le secteur de l\u2019enseignement secondaire, la Coalition a organis\u00e9 ce dimanche 24 d\u00e9cembre la restitution des r\u00e9sultats de cette enqu\u00eate.<\/p>\n\n\n\n<p class=\"wp-block-paragraph\">L\u2019atelier de restitution, organis\u00e9 au si\u00e8ge de la Coalition, sis quartier Carrefour de Arafat nord, a permis \u00e0 la vingtaine de pr\u00e9sidents et repr\u00e9sentants d\u2019osc membres de COMEDUC qui \u00e9taient pr\u00e9sents de suivre le rapport de synth\u00e8se de l\u2019enqu\u00eate pr\u00e9sent\u00e9 par l\u2019expert Mohamed el Moctar Sidina. Avant la cl\u00f4ture de l\u2019atelier, un d\u00e9bat fructueux a permis des \u00e9changes riches en recommandations et commentaires des participants.<\/p>\n","protected":false},"excerpt":{"rendered":"<p>Suite aux enqu\u00eates men\u00e9es depuis le d\u00e9but du mois de d\u00e9cembre courant par COMEDUC en vue de la mise en place d\u2019une base de donn\u00e9es sur l\u2019\u00e9ducation, dans le secteur de l\u2019enseignement secondaire, la Coalition a organis\u00e9 ce dimanche 24 d\u00e9cembre la restitution des r\u00e9sultats de cette enqu\u00eate. L\u2019atelier de restitution, organis\u00e9 au si\u00e8ge de la Coalition, sis quartier Carrefour<\/p>\n","protected":false},"author":1,"featured_media":1277,"comment_status":"open","ping_status":"open","sticky":false,"template":"","format":"standard","meta":{"_crdt_document":"","footnotes":""},"categories":[9],"tags":[15],"class_list":["post-1276","post","type-post","status-publish","format-standard","has-post-thumbnail","hentry","category-actualites","tag-hoore"],"_links":{"self":[{"href":"https:\/\/comeduc.net\/francais\/wp-json\/wp\/v2\/posts\/1276","targetHints":{"allow":["GET"]}}],"collection":[{"href":"https:\/\/comeduc.net\/francais\/wp-json\/wp\/v2\/posts"}],"about":[{"href":"https:\/\/comeduc.net\/francais\/wp-json\/wp\/v2\/types\/post"}],"author":[{"embeddable":true,"href":"https:\/\/comeduc.net\/francais\/wp-json\/wp\/v2\/users\/1"}],"replies":[{"embeddable":true,"href":"https:\/\/comeduc.net\/francais\/wp-json\/wp\/v2\/comments?post=1276"}],"version-history":[{"count":1,"href":"https:\/\/comeduc.net\/francais\/wp-json\/wp\/v2\/posts\/1276\/revisions"}],"predecessor-version":[{"id":1278,"href":"https:\/\/comeduc.net\/francais\/wp-json\/wp\/v2\/posts\/1276\/revisions\/1278"}],"wp:featuredmedia":[{"embeddable":true,"href":"https:\/\/comeduc.net\/francais\/wp-json\/wp\/v2\/media\/1277"}],"wp:attachment":[{"href":"https:\/\/comeduc.net\/francais\/wp-json\/wp\/v2\/media?parent=1276"}],"wp:term":[{"taxonomy":"category","embeddable":true,"href":"https:\/\/comeduc.net\/francais\/wp-json\/wp\/v2\/categories?post=1276"},{"taxonomy":"post_tag","embeddable":true,"href":"https:\/\/comeduc.net\/francais\/wp-json\/wp\/v2\/tags?post=1276"}],"curies":[{"name":"wp","href":"https:\/\/api.w.org\/{rel}","templated":true}]}}