{"id":1270,"date":"2023-12-08T21:00:44","date_gmt":"2023-12-08T20:00:44","guid":{"rendered":"https:\/\/comeduc.net\/francais\/?p=1270"},"modified":"2023-12-08T21:06:28","modified_gmt":"2023-12-08T20:06:28","slug":"comeduc-organise-un-atelier-a-loccasion-du-3-decembre","status":"publish","type":"post","link":"https:\/\/comeduc.net\/francais\/2023\/12\/08\/comeduc-organise-un-atelier-a-loccasion-du-3-decembre\/","title":{"rendered":"COMEDUC\u00a0 organise un atelier \u00e0 l\u2019occasion du 3 d\u00e9cembre"},"content":{"rendered":"\n<p class=\"wp-block-paragraph\">Pour comm\u00e9morer la journ\u00e9e internationale des personnes handicap\u00e9es cette ann\u00e9e COMEDUC <strong>organise un atelier <\/strong>sous le th\u00e8me&nbsp;: <strong>\u00ab<\/strong><strong><em>Unis dans l\u2019action pour sauver et atteindre les ODD pour, avec et par les personnes handicap\u00e9es <\/em><\/strong><strong><em>\u00bb, afin de <\/em><\/strong>Contribuer \u00e0 l\u2019am\u00e9lioration de l\u2019acc\u00e8s des personnes handicap\u00e9es \u00e0 leurs droits. Dans cadre, cet atelier vise \u00e0 doter au moins 50 associations des personnes handicap\u00e9es des comp\u00e9tences n\u00e9cessaires pour la participation et la planification des activit\u00e9s de plaidoyer pour la ratification du protocole \u00e0 la charte &nbsp;africain des droits de l\u2019homme et des peuples, relatif aux droits des personnes handicap\u00e9es &nbsp;par notre pays.<\/p>\n\n\n\n<p class=\"wp-block-paragraph\">La c\u00e9r\u00e9monie de lancement de l\u2019atelier, pr\u00e9sid\u00e9e par M. Abdi Diakit\u00e9, charg\u00e9 de mission aupr\u00e8s de la ministre de l\u2019action sociale de la m\u00e8re et l\u2019enfance, s\u2019est d\u00e9roul\u00e9e en pr\u00e9sence de nombre de pr\u00e9sidents et membres d\u2019organisations de personnes handicap\u00e9es et d\u2019organisations membres de la Coalition, sous la pr\u00e9sidence de M. Saleck Maham, coordonnateur national de COMEDUC<\/p>\n","protected":false},"excerpt":{"rendered":"<p>Pour comm\u00e9morer la journ\u00e9e internationale des personnes handicap\u00e9es cette ann\u00e9e COMEDUC organise un atelier sous le th\u00e8me&nbsp;: \u00abUnis dans l\u2019action pour sauver et atteindre les ODD pour, avec et par les personnes handicap\u00e9es \u00bb, afin de Contribuer \u00e0 l\u2019am\u00e9lioration de l\u2019acc\u00e8s des personnes handicap\u00e9es \u00e0 leurs droits. Dans cadre, cet atelier vise \u00e0 doter au moins 50 associations des personnes<\/p>\n","protected":false},"author":1,"featured_media":1271,"comment_status":"open","ping_status":"open","sticky":false,"template":"","format":"standard","meta":{"_crdt_document":"","footnotes":""},"categories":[9],"tags":[15],"class_list":["post-1270","post","type-post","status-publish","format-standard","has-post-thumbnail","hentry","category-actualites","tag-hoore"],"_links":{"self":[{"href":"https:\/\/comeduc.net\/francais\/wp-json\/wp\/v2\/posts\/1270","targetHints":{"allow":["GET"]}}],"collection":[{"href":"https:\/\/comeduc.net\/francais\/wp-json\/wp\/v2\/posts"}],"about":[{"href":"https:\/\/comeduc.net\/francais\/wp-json\/wp\/v2\/types\/post"}],"author":[{"embeddable":true,"href":"https:\/\/comeduc.net\/francais\/wp-json\/wp\/v2\/users\/1"}],"replies":[{"embeddable":true,"href":"https:\/\/comeduc.net\/francais\/wp-json\/wp\/v2\/comments?post=1270"}],"version-history":[{"count":1,"href":"https:\/\/comeduc.net\/francais\/wp-json\/wp\/v2\/posts\/1270\/revisions"}],"predecessor-version":[{"id":1272,"href":"https:\/\/comeduc.net\/francais\/wp-json\/wp\/v2\/posts\/1270\/revisions\/1272"}],"wp:featuredmedia":[{"embeddable":true,"href":"https:\/\/comeduc.net\/francais\/wp-json\/wp\/v2\/media\/1271"}],"wp:attachment":[{"href":"https:\/\/comeduc.net\/francais\/wp-json\/wp\/v2\/media?parent=1270"}],"wp:term":[{"taxonomy":"category","embeddable":true,"href":"https:\/\/comeduc.net\/francais\/wp-json\/wp\/v2\/categories?post=1270"},{"taxonomy":"post_tag","embeddable":true,"href":"https:\/\/comeduc.net\/francais\/wp-json\/wp\/v2\/tags?post=1270"}],"curies":[{"name":"wp","href":"https:\/\/api.w.org\/{rel}","templated":true}]}}