{"id":1259,"date":"2023-06-05T08:24:21","date_gmt":"2023-06-05T06:24:21","guid":{"rendered":"https:\/\/comeduc.net\/francais\/?p=1259"},"modified":"2023-06-05T08:24:21","modified_gmt":"2023-06-05T06:24:21","slug":"comeduc-organise-le-sma-2023","status":"publish","type":"post","link":"https:\/\/comeduc.net\/francais\/2023\/06\/05\/comeduc-organise-le-sma-2023\/","title":{"rendered":"COMEDUC organise le SMA 2023"},"content":{"rendered":"\n<p class=\"wp-block-paragraph\">A l\u2019occasion de la Semaine mondiale pour l\u2019\u00e9ducation, la Coalition a organis\u00e9 des journ\u00e9es d\u00e9bats les 1<sup>er<\/sup> et 2 juin 2023 au centre culturel de la r\u00e9gion de Nouakchott. Ces journ\u00e9es, auxquelles ont pris part de nombreux pr\u00e9sidents et repr\u00e9sentants d\u2019organisations de la soci\u00e9t\u00e9 civile membres de&nbsp; la Coalition, ont \u00e9t\u00e9 marqu\u00e9es par des conf\u00e9rences d\u00e9bats anim\u00e9es par d\u2019\u00e9minents professeurs d\u2019universit\u00e9s.<\/p>\n\n\n\n<p class=\"wp-block-paragraph\">Le d\u00e9bat de la premi\u00e8re journ\u00e9e, anim\u00e9 par le professeur d\u2019universit\u00e9 Abdallah Ewah, tournait autour de la Mod\u00e9lisation des r\u00e9formes de l&rsquo;\u00e9ducation par le partenariat avec les organisations de la soci\u00e9t\u00e9 civile en Mauritanie : bilan et le\u00e7ons du projet TOME \u00abTransparency Of Mauritanian Education Budget\u00bb, un projet financ\u00e9 par le GPSA\/BM.<\/p>\n\n\n\n<p class=\"wp-block-paragraph\">La deuxi\u00e8me journ\u00e9e \u00e9tait anim\u00e9e par M. Mohamed Vall Cheikh, chercheur et professeur d\u2019universit\u00e9, ancien Ministre de la Culture et de la Communication et laur\u00e9at du prix Chinguitt, prix de litt\u00e9rature qui lui a \u00e9t\u00e9 attribu\u00e9 pour son ouvrage intitul\u00e9\u00a0: \u00abQuels fondements pour une politique linguistique et \u00e9ducative en Mauritanie\u00a0?\u00bb.<\/p>\n\n\n\n<figure class=\"wp-block-gallery has-nested-images columns-default is-cropped wp-block-gallery-1 is-layout-flex wp-block-gallery-is-layout-flex\">\n<figure class=\"wp-block-image size-large\"><img loading=\"lazy\" decoding=\"async\" width=\"1000\" height=\"450\" data-id=\"1262\" src=\"https:\/\/comeduc.net\/francais\/wp-content\/uploads\/sites\/2\/2023\/06\/sma2023-img3.jpg\" alt=\"\" class=\"wp-image-1262\" srcset=\"https:\/\/comeduc.net\/francais\/wp-content\/uploads\/sites\/2\/2023\/06\/sma2023-img3.jpg 1000w, https:\/\/comeduc.net\/francais\/wp-content\/uploads\/sites\/2\/2023\/06\/sma2023-img3-300x135.jpg 300w, https:\/\/comeduc.net\/francais\/wp-content\/uploads\/sites\/2\/2023\/06\/sma2023-img3-768x346.jpg 768w\" sizes=\"auto, (max-width: 1000px) 100vw, 1000px\" \/><\/figure>\n\n\n\n<figure class=\"wp-block-image size-large\"><img loading=\"lazy\" decoding=\"async\" width=\"750\" height=\"338\" data-id=\"1261\" src=\"https:\/\/comeduc.net\/francais\/wp-content\/uploads\/sites\/2\/2023\/06\/sma2023-img1.jpg\" alt=\"\" class=\"wp-image-1261\" srcset=\"https:\/\/comeduc.net\/francais\/wp-content\/uploads\/sites\/2\/2023\/06\/sma2023-img1.jpg 750w, https:\/\/comeduc.net\/francais\/wp-content\/uploads\/sites\/2\/2023\/06\/sma2023-img1-300x135.jpg 300w\" sizes=\"auto, (max-width: 750px) 100vw, 750px\" \/><\/figure>\n\n\n\n<figure class=\"wp-block-image size-large\"><img loading=\"lazy\" decoding=\"async\" width=\"618\" height=\"360\" data-id=\"1260\" src=\"https:\/\/comeduc.net\/francais\/wp-content\/uploads\/sites\/2\/2023\/06\/sma2023-img2.jpg\" alt=\"\" class=\"wp-image-1260\" srcset=\"https:\/\/comeduc.net\/francais\/wp-content\/uploads\/sites\/2\/2023\/06\/sma2023-img2.jpg 618w, https:\/\/comeduc.net\/francais\/wp-content\/uploads\/sites\/2\/2023\/06\/sma2023-img2-300x175.jpg 300w\" sizes=\"auto, (max-width: 618px) 100vw, 618px\" \/><\/figure>\n<\/figure>\n","protected":false},"excerpt":{"rendered":"<p>A l\u2019occasion de la Semaine mondiale pour l\u2019\u00e9ducation, la Coalition a organis\u00e9 des journ\u00e9es d\u00e9bats les 1er et 2 juin 2023 au centre culturel de la r\u00e9gion de Nouakchott. Ces journ\u00e9es, auxquelles ont pris part de nombreux pr\u00e9sidents et repr\u00e9sentants d\u2019organisations de la soci\u00e9t\u00e9 civile membres de&nbsp; la Coalition, ont \u00e9t\u00e9 marqu\u00e9es par des conf\u00e9rences d\u00e9bats anim\u00e9es par d\u2019\u00e9minents professeurs<\/p>\n","protected":false},"author":1,"featured_media":1261,"comment_status":"open","ping_status":"open","sticky":false,"template":"","format":"standard","meta":{"_crdt_document":"","footnotes":""},"categories":[9],"tags":[15],"class_list":["post-1259","post","type-post","status-publish","format-standard","has-post-thumbnail","hentry","category-actualites","tag-hoore"],"_links":{"self":[{"href":"https:\/\/comeduc.net\/francais\/wp-json\/wp\/v2\/posts\/1259","targetHints":{"allow":["GET"]}}],"collection":[{"href":"https:\/\/comeduc.net\/francais\/wp-json\/wp\/v2\/posts"}],"about":[{"href":"https:\/\/comeduc.net\/francais\/wp-json\/wp\/v2\/types\/post"}],"author":[{"embeddable":true,"href":"https:\/\/comeduc.net\/francais\/wp-json\/wp\/v2\/users\/1"}],"replies":[{"embeddable":true,"href":"https:\/\/comeduc.net\/francais\/wp-json\/wp\/v2\/comments?post=1259"}],"version-history":[{"count":1,"href":"https:\/\/comeduc.net\/francais\/wp-json\/wp\/v2\/posts\/1259\/revisions"}],"predecessor-version":[{"id":1263,"href":"https:\/\/comeduc.net\/francais\/wp-json\/wp\/v2\/posts\/1259\/revisions\/1263"}],"wp:featuredmedia":[{"embeddable":true,"href":"https:\/\/comeduc.net\/francais\/wp-json\/wp\/v2\/media\/1261"}],"wp:attachment":[{"href":"https:\/\/comeduc.net\/francais\/wp-json\/wp\/v2\/media?parent=1259"}],"wp:term":[{"taxonomy":"category","embeddable":true,"href":"https:\/\/comeduc.net\/francais\/wp-json\/wp\/v2\/categories?post=1259"},{"taxonomy":"post_tag","embeddable":true,"href":"https:\/\/comeduc.net\/francais\/wp-json\/wp\/v2\/tags?post=1259"}],"curies":[{"name":"wp","href":"https:\/\/api.w.org\/{rel}","templated":true}]}}