{"id":1245,"date":"2022-12-26T12:51:29","date_gmt":"2022-12-26T11:51:29","guid":{"rendered":"http:\/\/comeduc.net\/francais\/?p=1245"},"modified":"2022-12-26T12:51:29","modified_gmt":"2022-12-26T11:51:29","slug":"comeduc-met-a-jour-sa-base-de-donnees","status":"publish","type":"post","link":"https:\/\/comeduc.net\/francais\/2022\/12\/26\/comeduc-met-a-jour-sa-base-de-donnees\/","title":{"rendered":"COMEDUC met \u00e0 jour sa base de donn\u00e9es"},"content":{"rendered":"\n<p class=\"wp-block-paragraph\">Depuis quelques jours, des missions de COMEDUC sillonnent les diff\u00e9rentes r\u00e9gions<br>du pays, menant des enqu\u00eates en vue de mise en place d\u2019une base de donn\u00e9es sur<br>l\u2019\u00e9ducation.<br>La Coalition des Organisations Mauritaniennes pour l\u2019Education (COMEDUC) a<br>inscrit dans son budget 2022 dans le cadre de la deuxi\u00e8me phase du projet Education<br>Out Loud (EOL) du Partenariat Mondial pour l\u2019Education (PME) une activit\u00e9 intitul\u00e9e<br>\u2018\u2019Etablissement d\u2019une base r\u00e9gionale de donn\u00e9es sur l\u2019\u00e9ducation\u2019\u2019 et visant<br>l\u2019\u00e9tablissement de l\u2019\u00e9tat des lieux de l\u2019enseignement en ce qui concerne l\u2019acc\u00e8s, la<br>r\u00e9tention et la d\u00e9perdition au niveau de l\u2019ensemble des r\u00e9gions du pays. Les donn\u00e9es<br>qui seront collect\u00e9es \u00e0 cette occasion renforceront la base de donn\u00e9es de COMEDUC,<br>ce qui est de nature \u00e0 donner plus de cr\u00e9dit \u00e0 ses activit\u00e9s de plaidoyer en faveur d\u2019une<br>\u00e9ducation publique de qualit\u00e9, notamment en faveur des enfants issus des groupes<br>sociaux les plus d\u00e9favoris\u00e9s.<br>Cette activit\u00e9 a pour principaux objectifs de mettre en place une base de donn\u00e9es<br>quantitatives et qualitatives sur l\u2019\u00e9ducation dans toutes les r\u00e9gions du pays, en vue<br>d\u2019assoir le plaidoyer en faveur de l\u2019\u00e9ducation publique inclusive sur un fondement<br>solide, de mettre en relief les d\u00e9ficits et insuffisances dans ce domaine et de formuler<br>des recommandations d\u2019am\u00e9lioration.<\/p>\n\n\n\n<figure class=\"wp-block-gallery has-nested-images columns-default is-cropped wp-block-gallery-1 is-layout-flex wp-block-gallery-is-layout-flex\">\n<figure class=\"wp-block-image size-large\"><img loading=\"lazy\" decoding=\"async\" width=\"640\" height=\"627\" data-id=\"1248\" src=\"http:\/\/comeduc.net\/francais\/wp-content\/uploads\/sites\/2\/2022\/12\/Base-de-donnee-Comeduc1.jpg\" alt=\"\" class=\"wp-image-1248\" srcset=\"https:\/\/comeduc.net\/francais\/wp-content\/uploads\/sites\/2\/2022\/12\/Base-de-donnee-Comeduc1.jpg 640w, https:\/\/comeduc.net\/francais\/wp-content\/uploads\/sites\/2\/2022\/12\/Base-de-donnee-Comeduc1-300x294.jpg 300w\" sizes=\"auto, (max-width: 640px) 100vw, 640px\" \/><\/figure>\n\n\n\n<figure class=\"wp-block-image size-large\"><img loading=\"lazy\" decoding=\"async\" width=\"640\" height=\"480\" data-id=\"1247\" src=\"http:\/\/comeduc.net\/francais\/wp-content\/uploads\/sites\/2\/2022\/12\/Base-de-donnee-Comeduc2.jpg\" alt=\"\" class=\"wp-image-1247\" srcset=\"https:\/\/comeduc.net\/francais\/wp-content\/uploads\/sites\/2\/2022\/12\/Base-de-donnee-Comeduc2.jpg 640w, https:\/\/comeduc.net\/francais\/wp-content\/uploads\/sites\/2\/2022\/12\/Base-de-donnee-Comeduc2-300x225.jpg 300w\" sizes=\"auto, (max-width: 640px) 100vw, 640px\" \/><\/figure>\n\n\n\n<figure class=\"wp-block-image size-large\"><img loading=\"lazy\" decoding=\"async\" width=\"635\" height=\"442\" data-id=\"1246\" src=\"http:\/\/comeduc.net\/francais\/wp-content\/uploads\/sites\/2\/2022\/12\/Base-de-donnee-Comeduc3.jpg\" alt=\"\" class=\"wp-image-1246\" srcset=\"https:\/\/comeduc.net\/francais\/wp-content\/uploads\/sites\/2\/2022\/12\/Base-de-donnee-Comeduc3.jpg 635w, https:\/\/comeduc.net\/francais\/wp-content\/uploads\/sites\/2\/2022\/12\/Base-de-donnee-Comeduc3-300x209.jpg 300w\" sizes=\"auto, (max-width: 635px) 100vw, 635px\" \/><\/figure>\n<\/figure>\n","protected":false},"excerpt":{"rendered":"<p>Depuis quelques jours, des missions de COMEDUC sillonnent les diff\u00e9rentes r\u00e9gionsdu pays, menant des enqu\u00eates en vue de mise en place d\u2019une base de donn\u00e9es surl\u2019\u00e9ducation.La Coalition des Organisations Mauritaniennes pour l\u2019Education (COMEDUC) ainscrit dans son budget 2022 dans le cadre de la deuxi\u00e8me phase du projet EducationOut Loud (EOL) du Partenariat Mondial pour l\u2019Education (PME) une activit\u00e9 intitul\u00e9e\u2018\u2019Etablissement d\u2019une<\/p>\n","protected":false},"author":1,"featured_media":1247,"comment_status":"open","ping_status":"open","sticky":false,"template":"","format":"standard","meta":{"_crdt_document":"","footnotes":""},"categories":[9,11],"tags":[15],"class_list":["post-1245","post","type-post","status-publish","format-standard","has-post-thumbnail","hentry","category-actualites","category-communiques","tag-hoore"],"_links":{"self":[{"href":"https:\/\/comeduc.net\/francais\/wp-json\/wp\/v2\/posts\/1245","targetHints":{"allow":["GET"]}}],"collection":[{"href":"https:\/\/comeduc.net\/francais\/wp-json\/wp\/v2\/posts"}],"about":[{"href":"https:\/\/comeduc.net\/francais\/wp-json\/wp\/v2\/types\/post"}],"author":[{"embeddable":true,"href":"https:\/\/comeduc.net\/francais\/wp-json\/wp\/v2\/users\/1"}],"replies":[{"embeddable":true,"href":"https:\/\/comeduc.net\/francais\/wp-json\/wp\/v2\/comments?post=1245"}],"version-history":[{"count":1,"href":"https:\/\/comeduc.net\/francais\/wp-json\/wp\/v2\/posts\/1245\/revisions"}],"predecessor-version":[{"id":1249,"href":"https:\/\/comeduc.net\/francais\/wp-json\/wp\/v2\/posts\/1245\/revisions\/1249"}],"wp:featuredmedia":[{"embeddable":true,"href":"https:\/\/comeduc.net\/francais\/wp-json\/wp\/v2\/media\/1247"}],"wp:attachment":[{"href":"https:\/\/comeduc.net\/francais\/wp-json\/wp\/v2\/media?parent=1245"}],"wp:term":[{"taxonomy":"category","embeddable":true,"href":"https:\/\/comeduc.net\/francais\/wp-json\/wp\/v2\/categories?post=1245"},{"taxonomy":"post_tag","embeddable":true,"href":"https:\/\/comeduc.net\/francais\/wp-json\/wp\/v2\/tags?post=1245"}],"curies":[{"name":"wp","href":"https:\/\/api.w.org\/{rel}","templated":true}]}}