{"id":1152,"date":"2020-10-06T02:22:32","date_gmt":"2020-10-06T00:22:32","guid":{"rendered":"http:\/\/comeduc.net\/francais\/?p=1152"},"modified":"2020-10-06T02:22:32","modified_gmt":"2020-10-06T00:22:32","slug":"comeduc-fete-la-journee-mondiale-des-enseignants","status":"publish","type":"post","link":"https:\/\/comeduc.net\/francais\/2020\/10\/06\/comeduc-fete-la-journee-mondiale-des-enseignants\/","title":{"rendered":"COMEDUC f\u00eate la journ\u00e9e mondiale des enseignants"},"content":{"rendered":"\n<p class=\"wp-block-paragraph\">Aujourd&rsquo;hui 5 octobre 2020, la Coalition a organis\u00e9 un d\u00e9jeuner d\u00e9bat \u00e0 l&rsquo;h\u00f4tel Chinguitty palace \u00e0 Nouakchott \u00e0 l&rsquo;occasion de la journ\u00e9e mondiale des enseignants. La journ\u00e9e qui s&rsquo;est poursuivie jusqu&rsquo;\u00e0 14 heures, a regroup\u00e9 une foule importante d&rsquo;enseignants et de pr\u00e9sidents et repr\u00e9sentants d&rsquo;osc membres de la Coalition.<br>Apr\u00e8s le mot de bienvenue prononc\u00e9 par M. Sidi Idoumou Boudide, pr\u00e9sident du conseil d&rsquo;administration de la Coalition, l&rsquo;ouverture officielle de la journ\u00e9e a \u00e9t\u00e9 prononc\u00e9e par M. Alassane Ngaid\u00e9, conseiller du ministre de l&rsquo;\u00e9ducation nationale, de la formation technique et professionnelle et de la r\u00e9forme, charg\u00e9 des relations avec la soci\u00e9t\u00e9 civile.<br>La journ\u00e9e de r\u00e9flexion, organis\u00e9e sous le th\u00e8me \u00ab\u00a0Enseignants: leaders en temps de crise et fa\u00e7onneurs d&rsquo;avenirs\u00a0\u00bb, \u00e9tait l&rsquo;occasion de plusieurs pr\u00e9sentations qui ont abord\u00e9 diff\u00e9rents aspects de la recommandation de l\u00a0\u00bbUNESCO et l&rsquo;OIT de 1966 sur les conditions des enseignants, suivies de profonds d\u00e9bats autour du syst\u00e8me \u00e9ducatif mauritanien, au regard des diff\u00e9rents alin\u00e9as de la recommandation.<\/p>\n","protected":false},"excerpt":{"rendered":"<p>Aujourd&rsquo;hui 5 octobre 2020, la Coalition a organis\u00e9 un d\u00e9jeuner d\u00e9bat \u00e0 l&rsquo;h\u00f4tel Chinguitty palace \u00e0 Nouakchott \u00e0 l&rsquo;occasion de la journ\u00e9e mondiale des enseignants. La journ\u00e9e qui s&rsquo;est poursuivie jusqu&rsquo;\u00e0 14 heures, a regroup\u00e9 une foule importante d&rsquo;enseignants et de pr\u00e9sidents et repr\u00e9sentants d&rsquo;osc membres de la Coalition.Apr\u00e8s le mot de bienvenue prononc\u00e9 par M. Sidi Idoumou Boudide, pr\u00e9sident<\/p>\n","protected":false},"author":1,"featured_media":1153,"comment_status":"open","ping_status":"open","sticky":false,"template":"","format":"standard","meta":{"_crdt_document":"","footnotes":""},"categories":[9],"tags":[],"class_list":["post-1152","post","type-post","status-publish","format-standard","has-post-thumbnail","hentry","category-actualites"],"_links":{"self":[{"href":"https:\/\/comeduc.net\/francais\/wp-json\/wp\/v2\/posts\/1152","targetHints":{"allow":["GET"]}}],"collection":[{"href":"https:\/\/comeduc.net\/francais\/wp-json\/wp\/v2\/posts"}],"about":[{"href":"https:\/\/comeduc.net\/francais\/wp-json\/wp\/v2\/types\/post"}],"author":[{"embeddable":true,"href":"https:\/\/comeduc.net\/francais\/wp-json\/wp\/v2\/users\/1"}],"replies":[{"embeddable":true,"href":"https:\/\/comeduc.net\/francais\/wp-json\/wp\/v2\/comments?post=1152"}],"version-history":[{"count":1,"href":"https:\/\/comeduc.net\/francais\/wp-json\/wp\/v2\/posts\/1152\/revisions"}],"predecessor-version":[{"id":1154,"href":"https:\/\/comeduc.net\/francais\/wp-json\/wp\/v2\/posts\/1152\/revisions\/1154"}],"wp:featuredmedia":[{"embeddable":true,"href":"https:\/\/comeduc.net\/francais\/wp-json\/wp\/v2\/media\/1153"}],"wp:attachment":[{"href":"https:\/\/comeduc.net\/francais\/wp-json\/wp\/v2\/media?parent=1152"}],"wp:term":[{"taxonomy":"category","embeddable":true,"href":"https:\/\/comeduc.net\/francais\/wp-json\/wp\/v2\/categories?post=1152"},{"taxonomy":"post_tag","embeddable":true,"href":"https:\/\/comeduc.net\/francais\/wp-json\/wp\/v2\/tags?post=1152"}],"curies":[{"name":"wp","href":"https:\/\/api.w.org\/{rel}","templated":true}]}}