{"id":1132,"date":"2020-06-06T22:26:05","date_gmt":"2020-06-06T20:26:05","guid":{"rendered":"http:\/\/comeduc.net\/francais\/?p=1132"},"modified":"2020-06-06T22:26:05","modified_gmt":"2020-06-06T20:26:05","slug":"comeduc-recrute-a-nouakchott-un-e-chargee-de-programme","status":"publish","type":"post","link":"https:\/\/comeduc.net\/francais\/2020\/06\/06\/comeduc-recrute-a-nouakchott-un-e-chargee-de-programme\/","title":{"rendered":"COMEDUC recrute a nouakchott un-e charg\u00e9(e) de programme"},"content":{"rendered":"\n<p class=\"has-text-color has-text-align-center has-primary-color wp-block-paragraph\"><strong>Date limte : avant le jeudi 25 juin 2020<\/strong><\/p>\n\n\n\n<p class=\"has-text-align-center has-medium-font-size wp-block-paragraph\"><strong>Termes de r\u00e9f\u00e9rence<\/strong><\/p>\n\n\n\n<p class=\"wp-block-paragraph\">Dans le cadre du projet Education Out Loud (Education \u00e0 Voix Haute) 2020-2021 du Partenariat Mondial pour l\u2019Education (PME), la coalition des Organisations Mauritaniennes pour l\u2019Education (COMEDUC) compte recruter un charg\u00e9 de programmes pour son si\u00e8ge \u00e0 Nouakchott.<\/p>\n\n\n\n<ol class=\"wp-block-list\" type=\"I\"><li><strong>Attributions<\/strong><\/li><\/ol>\n\n\n\n<p class=\"wp-block-paragraph\">Travaillant sous la supervision du coordonnateur de COMEDUC, le charg\u00e9 de programmes est appel\u00e9 \u00e0 r\u00e9aliser les t\u00e2ches suivantes&nbsp;:<\/p>\n\n\n\n<ul class=\"wp-block-list\"><li>Concevoir, avec l\u2019appui du coordonnateur, les programmes de la coalition \u00e0 soumettre dans le cadre des appels \u00e0 propositions \u00e9manant du PME, auxquels COMEDUC prend part&nbsp;;<\/li><li>Suivre, \u00e0 travers internet et la presse, les appels \u00e0 propositions \u00e9manant d\u2019autres partenaires potentiels et soumettre, le cas \u00e9ch\u00e9ant, des dossiers de candidature au nom de la coalition&nbsp;;<\/li><li>Entretenir des contacts permanents avec les organismes internationaux intervenant dans le secteur \u00e9ducatif pr\u00e9sentes \u00e0 Nouakchott, suivre leurs activit\u00e9s en Mauritanie et promouvoir, autant que possible, des rapports de partenariat entre eux et COMEDUC&nbsp;;<\/li><li>Identifier, en collaboration avec le coordonnateur, les besoins de COMEDUC en mati\u00e8re de renforcement des capacit\u00e9s et de projets, et pr\u00e9parer des requ\u00eates dans ce sens \u00e0 adresser aux partenaires techniques et financiers de la coalition ou \u00e0 tout autre bailleur de fonds&nbsp;;<\/li><li>Participer \u00e0 la pr\u00e9paration, la mise en \u0153uvre et le suivi des budgets annuels de la coalition, notamment en ce qui concerne le volet relatif aux activit\u00e9s&nbsp;;<\/li><li>Pr\u00e9parer, avec l\u2019appui du coordonnateur, tout projet ou programme susceptible de contribuer positivement au plaidoyer en faveur d\u2019une \u00e9ducation inclusive en Mauritanie&nbsp;;<\/li><li>&nbsp;Mener des d\u00e9marches p\u00e9riodiques aupr\u00e8s des diff\u00e9rentes organisations membres de COMEDUC pour les aider, si n\u00e9cessaire, dans la d\u00e9finition de leurs plans d\u2019action et la recherche de bailleurs de fonds.<\/li><\/ul>\n\n\n\n<ol class=\"wp-block-list\" type=\"I\"><li><strong>Profil requis<\/strong><\/li><\/ol>\n\n\n\n<p class=\"wp-block-paragraph\"><strong>Dipl\u00f4me et exp\u00e9rience professionnelle<\/strong>&nbsp;: le (la) candidat (e) doit \u00eatre titulaire d\u2019un dipl\u00f4me de niveau licence (bac plus 3) ou \u00e9quivalent au minimum, en sciences de l\u2019\u00e9ducation, droit, \u00e9conomie, sciences sociales ou toute autre discipline apparent\u00e9e, et disposer d\u2019une exp\u00e9rience de 5 ann\u00e9es au moins au niveau de l\u2019administration publique, des organisations internationales ou de la soci\u00e9t\u00e9 civile, de pr\u00e9f\u00e9rence dans un poste li\u00e9 au secteur \u00e9ducatif.<\/p>\n\n\n\n<p class=\"wp-block-paragraph\"><strong>Langues<\/strong>&nbsp;: elle (il) doit ma\u00eetriser le fran\u00e7ais (\u00e9crit et parl\u00e9) et avoir une base solide en arabe. La connaissance de l\u2019anglais serait \u00e9galement hautement appr\u00e9ci\u00e9e.<\/p>\n\n\n\n<p class=\"wp-block-paragraph\"><strong>Informatique<\/strong>&nbsp;: ma\u00eetrise des logiciels Word, Excel et PowerPoint.<\/p>\n\n\n\n<p class=\"wp-block-paragraph\"><strong>Les candidatures f\u00e9minines sont fortement encourag\u00e9es.<\/strong><\/p>\n\n\n\n<ol class=\"wp-block-list\" type=\"I\"><li><strong>D\u00e9roulement du test<\/strong><\/li><\/ol>\n\n\n\n<p class=\"wp-block-paragraph\">Les candidats subiront un test \u00e9crit et, pour les trois premiers admissibles, un test oral. Une commission d\u00e9sign\u00e9e au sein des membres du conseil d\u2019administration sera form\u00e9e pour suivre en toute transparence l\u2019ensemble du processus de s\u00e9lection, du d\u00e9but jusqu\u2019\u00e0 la proclamation des r\u00e9sultats. Une p\u00e9riode d\u2019essai de 3 mois est pr\u00e9vue, \u00e0 l\u2019issue de laquelle le candidat retenu ayant donn\u00e9 satisfaction sera recrut\u00e9.<\/p>\n\n\n\n<ol class=\"wp-block-list\" type=\"I\"><li><strong>Dossier de candidature<\/strong><\/li><\/ol>\n\n\n\n<p class=\"wp-block-paragraph\">La composition du dossier de candidature est la suivante&nbsp;:<\/p>\n\n\n\n<ul class=\"wp-block-list\"><li>Lettre de motivation&nbsp;;<\/li><li>CV actualis\u00e9&nbsp;;<\/li><li>Dipl\u00f4mes&nbsp;;<\/li><li>Tout autre certificat ou document utile.<\/li><\/ul>\n\n\n\n<p class=\"wp-block-paragraph\">Les dossiers de candidature devront \u00eatre envoy\u00e9s exclusivement \u00e0 travers internet, \u00e0 l\u2019adresse suivante&nbsp;: <a href=\"mailto:comeducmauritanie@gmail.com\">comeducmauritanie@gmail.com<\/a> et ce, avant le 25 juin 2020.<\/p>\n\n\n\n<p class=\"wp-block-paragraph\"><strong>Nouakchott, le 03 mai 2020<\/strong><\/p>\n","protected":false},"excerpt":{"rendered":"<p>Date limte : avant le jeudi 25 juin 2020 Termes de r\u00e9f\u00e9rence Dans le cadre du projet Education Out Loud (Education \u00e0 Voix Haute) 2020-2021 du Partenariat Mondial pour l\u2019Education (PME), la coalition des Organisations Mauritaniennes pour l\u2019Education (COMEDUC) compte recruter un charg\u00e9 de programmes pour son si\u00e8ge \u00e0 Nouakchott. Attributions Travaillant sous la supervision du coordonnateur de COMEDUC, le<\/p>\n","protected":false},"author":1,"featured_media":1133,"comment_status":"open","ping_status":"open","sticky":false,"template":"","format":"standard","meta":{"_crdt_document":"","footnotes":""},"categories":[21],"tags":[27,15,28],"class_list":["post-1132","post","type-post","status-publish","format-standard","has-post-thumbnail","hentry","category-appels-doffre","tag-charge-de-programme","tag-hoore","tag-recrute"],"_links":{"self":[{"href":"https:\/\/comeduc.net\/francais\/wp-json\/wp\/v2\/posts\/1132","targetHints":{"allow":["GET"]}}],"collection":[{"href":"https:\/\/comeduc.net\/francais\/wp-json\/wp\/v2\/posts"}],"about":[{"href":"https:\/\/comeduc.net\/francais\/wp-json\/wp\/v2\/types\/post"}],"author":[{"embeddable":true,"href":"https:\/\/comeduc.net\/francais\/wp-json\/wp\/v2\/users\/1"}],"replies":[{"embeddable":true,"href":"https:\/\/comeduc.net\/francais\/wp-json\/wp\/v2\/comments?post=1132"}],"version-history":[{"count":1,"href":"https:\/\/comeduc.net\/francais\/wp-json\/wp\/v2\/posts\/1132\/revisions"}],"predecessor-version":[{"id":1134,"href":"https:\/\/comeduc.net\/francais\/wp-json\/wp\/v2\/posts\/1132\/revisions\/1134"}],"wp:featuredmedia":[{"embeddable":true,"href":"https:\/\/comeduc.net\/francais\/wp-json\/wp\/v2\/media\/1133"}],"wp:attachment":[{"href":"https:\/\/comeduc.net\/francais\/wp-json\/wp\/v2\/media?parent=1132"}],"wp:term":[{"taxonomy":"category","embeddable":true,"href":"https:\/\/comeduc.net\/francais\/wp-json\/wp\/v2\/categories?post=1132"},{"taxonomy":"post_tag","embeddable":true,"href":"https:\/\/comeduc.net\/francais\/wp-json\/wp\/v2\/tags?post=1132"}],"curies":[{"name":"wp","href":"https:\/\/api.w.org\/{rel}","templated":true}]}}